{"id":111366,"date":"2025-12-19T16:31:12","date_gmt":"2025-12-19T16:31:12","guid":{"rendered":"https:\/\/www.europesays.com\/se\/111366\/"},"modified":"2025-12-19T16:31:12","modified_gmt":"2025-12-19T16:31:12","slug":"ukrainsk-attack-mot-tanker-i-medelhavet-2","status":"publish","type":"post","link":"https:\/\/www.europesays.com\/se\/111366\/","title":{"rendered":"Ukrainsk attack mot tanker i Medelhavet"},"content":{"rendered":"<p>Ukraina har genomf\u00f6rt en \u201daldrig tidigare sk\u00e5dad specialoperation\u201d.<\/p>\n<p>Det uppger en anonym k\u00e4lla inom den ukrainska s\u00e4kerhetstj\u00e4nsten till nyhetsbyr\u00e5n <a href=\"https:\/\/www.reuters.com\/business\/aerospace-defense\/ukraine-hits-russian-shadow-fleet-tanker-mediterranean-first-time-sbu-source-2025-12-19\/\" rel=\"nofollow noopener\" target=\"_blank\">Reuters<\/a>.\u00a0<\/p>\n<p>Det ska r\u00f6ra sig om en dr\u00f6narattack mot en rysk oljetanker i Medelhavet.<\/p>\n<p>Nu lovar Vladimir Putin att svara.<\/p>\n<p>Putins krav p\u00e5 Europa f\u00f6r fred.<img   alt=\"\"\/><\/p>\n<p>Ukraina ska ha attackerat en oljetanker i Medelhavet.<\/p>\n<p>Foto: X<\/p>\n<p>\u00d6ppna bild i helsk\u00e4rm<\/p>\n<p><a href=\"https:\/\/www.expressen.se\/tagg\/location\/ukraina\/\" class=\"\" rel=\"nofollow noopener\" target=\"_blank\">Ukraina<\/a> har f\u00f6r f\u00f6rsta g\u00e5ngen attackerat ett m\u00e5l Medelhavet, rapporterar Reuters med h\u00e4nvisning till en k\u00e4lla inom den ukrainska s\u00e4kerhetstj\u00e4nsten.\u00a0<\/p>\n<p>M\u00e5ltavlan uppges ha varit en oljetanker kopplad till den ryska skuggflottan, som vid tiden f\u00f6r attacken ska ha varit t\u00f6md p\u00e5 olja och var, enligt Marine Traffic, p\u00e5 v\u00e4g mot Ryssland, fr\u00e5n Indien, via Gibraltarsundet.<\/p>\n<p>Fartyget seglade under omansk flagg.\u00a0<\/p>\n<p>\u201dAnv\u00e4nds f\u00f6r att f\u00f6ra krig mot Ukraina\u201d<\/p>\n<p>Dr\u00f6narattacken ska ha genomf\u00f6rts p\u00e5 neutralt vatten runt 200 mil fr\u00e5n Ukrainas gr\u00e4ns och ska enligt k\u00e4llan vara en \u201dny, aldrig tidigare sk\u00e5dad specialoperation\u201d.<\/p>\n<p>\u2013 Ryssland anv\u00e4nde detta tankfartyg f\u00f6r att kringg\u00e5 sanktioner och tj\u00e4na pengar som sedan anv\u00e4ndes f\u00f6r att f\u00f6ra krig mot Ukraina. Ur folkr\u00e4ttens samt krigets lagar och sedv\u00e4njors perspektiv g\u00f6r detta fartyget till ett helt legitimt m\u00e5l f\u00f6r SBU. Fienden m\u00e5ste f\u00f6rst\u00e5 att Ukraina inte kommer att stoppa och kommer att sl\u00e5 till var som helst i v\u00e4rlden, varhelst det befinner sig, s\u00e4ger k\u00e4llan till den ukrainska nyhetsbyr\u00e5 RBC-Ukraina.<\/p>\n<p>P\u00e5 Vladimir Putins stora presskonferens p\u00e5 fredagen fick den ryska presidenten fr\u00e5gor om attacken i Medelhavet och flera tidigare i Svarta havet.<\/p>\n<p>\u2013 De kommer inte att leda till det f\u00f6rv\u00e4ntade resultatet och inte st\u00f6ra n\u00e5gra leveranser, utan bara skapa ett ytterligare hot. Ett svar fr\u00e5n oss kommer definitivt att f\u00f6lja, s\u00e4ger Putin.<\/p>\n<p><img alt=\"\"\/>Ljudklippet gick inte att spela upp<\/p>\n<p>F\u00f6rs\u00f6k igen senare<\/p>\n","protected":false},"excerpt":{"rendered":"Ukraina har genomf\u00f6rt en \u201daldrig tidigare sk\u00e5dad specialoperation\u201d. Det uppger en anonym k\u00e4lla inom den ukrainska s\u00e4kerhetstj\u00e4nsten till&hellip;\n","protected":false},"author":2,"featured_media":111367,"comment_status":"","ping_status":"","sticky":false,"template":"","format":"standard","meta":{"footnotes":""},"categories":[5],"tags":[22,23,26,27,17,21,24,25,274,202,28,29,15,276,16,18,34,55,31,33,32,30,19,60,20],"class_list":{"0":"post-111366","1":"post","2":"type-post","3":"status-publish","4":"format-standard","5":"has-post-thumbnail","7":"category-rubriker","8":"tag-breaking-news","9":"tag-breakingnews","10":"tag-featured-news","11":"tag-featurednews","12":"tag-headlines","13":"tag-huvudnyheter","14":"tag-latest-news","15":"tag-latestnews","16":"tag-location-ryssland","17":"tag-location-ukraina","18":"tag-main-news","19":"tag-mainnews","20":"tag-news","21":"tag-newsstory-kriget-i-ukraina","22":"tag-nyheter","23":"tag-rubriker","24":"tag-se","25":"tag-sections-varlden","26":"tag-svenska","27":"tag-sverige","28":"tag-sweden","29":"tag-swedish","30":"tag-top-stories","31":"tag-topic-krig-konflikt","32":"tag-topstories"},"share_on_mastodon":{"url":"https:\/\/pubeurope.com\/@se\/115747191713638015","error":""},"_links":{"self":[{"href":"https:\/\/www.europesays.com\/se\/wp-json\/wp\/v2\/posts\/111366","targetHints":{"allow":["GET"]}}],"collection":[{"href":"https:\/\/www.europesays.com\/se\/wp-json\/wp\/v2\/posts"}],"about":[{"href":"https:\/\/www.europesays.com\/se\/wp-json\/wp\/v2\/types\/post"}],"author":[{"embeddable":true,"href":"https:\/\/www.europesays.com\/se\/wp-json\/wp\/v2\/users\/2"}],"replies":[{"embeddable":true,"href":"https:\/\/www.europesays.com\/se\/wp-json\/wp\/v2\/comments?post=111366"}],"version-history":[{"count":0,"href":"https:\/\/www.europesays.com\/se\/wp-json\/wp\/v2\/posts\/111366\/revisions"}],"wp:featuredmedia":[{"embeddable":true,"href":"https:\/\/www.europesays.com\/se\/wp-json\/wp\/v2\/media\/111367"}],"wp:attachment":[{"href":"https:\/\/www.europesays.com\/se\/wp-json\/wp\/v2\/media?parent=111366"}],"wp:term":[{"taxonomy":"category","embeddable":true,"href":"https:\/\/www.europesays.com\/se\/wp-json\/wp\/v2\/categories?post=111366"},{"taxonomy":"post_tag","embeddable":true,"href":"https:\/\/www.europesays.com\/se\/wp-json\/wp\/v2\/tags?post=111366"}],"curies":[{"name":"wp","href":"https:\/\/api.w.org\/{rel}","templated":true}]}}