{"id":111368,"date":"2025-12-19T16:33:18","date_gmt":"2025-12-19T16:33:18","guid":{"rendered":"https:\/\/www.europesays.com\/se\/111368\/"},"modified":"2025-12-19T16:33:18","modified_gmt":"2025-12-19T16:33:18","slug":"robin-kovacs-stangs-av-efter-att-ha-visat-fingret","status":"publish","type":"post","link":"https:\/\/www.europesays.com\/se\/111368\/","title":{"rendered":"Robin Kovacs st\u00e4ngs av efter att ha visat fingret"},"content":{"rendered":"<p>Link\u00f6pings stj\u00e4rna Robin Kovacs st\u00e4ngs av fr\u00e5n tv\u00e5 matcher efter att ha visat fingret p\u00e5 isen, rapporterar Aftonbladet. <\/p>\n<p>Den 29-\u00e5rige forwarden stoppade l\u00e5ngfingret i munnen och visade det f\u00f6r Djurg\u00e5rdsfansen under g\u00e5rdagens match i Link\u00f6ping. Efter en anm\u00e4lan till disciplinn\u00e4mnden st\u00e4ngs han av. <\/p>\n<p>\u201dObscena gester \u00e4r inte en del av idrotten. Agerandet \u00e4r att bed\u00f6ma som unsportsmanlike conduct som ska f\u00f6ranleda en avst\u00e4ngning\u201d, st\u00e5r det i domen enligt Expressen.  <\/p>\n<p>I ett yttrande till n\u00e4mnden pudlar Kovacs och lovar att agerandet inte ska upprepas, enligt Aftonbladet.<\/p>\n<p>Omni \u00e4r politiskt obundna och oberoende. Vi str\u00e4var efter att ge fler perspektiv p\u00e5 nyheterna. Har du fr\u00e5gor eller synpunkter kring v\u00e5r rapportering? <a href=\"https:\/\/omni.se\/robin-kovacs-stangs-av-efter-att-ha-visat-fingret\/a\/mailto:redaktion@omni.se\" class=\"ArticleActions_contactLink__W2F1M\" rel=\"nofollow noopener\" target=\"_blank\">Kontakta redaktionen<\/a><\/p>\n","protected":false},"excerpt":{"rendered":"Link\u00f6pings stj\u00e4rna Robin Kovacs st\u00e4ngs av fr\u00e5n tv\u00e5 matcher efter att ha visat fingret p\u00e5 isen, rapporterar Aftonbladet.&hellip;\n","protected":false},"author":2,"featured_media":111369,"comment_status":"","ping_status":"","sticky":false,"template":"","format":"standard","meta":{"footnotes":""},"categories":[68],"tags":[1472,4109,12285,34,111,110,31,33,32,30],"class_list":{"0":"post-111368","1":"post","2":"type-post","3":"status-publish","4":"format-standard","5":"has-post-thumbnail","7":"category-sport","8":"tag-ishockey","9":"tag-linkopings-hc","10":"tag-robin-kovacs","11":"tag-se","12":"tag-sport","13":"tag-sports","14":"tag-svenska","15":"tag-sverige","16":"tag-sweden","17":"tag-swedish"},"share_on_mastodon":{"url":"https:\/\/pubeurope.com\/@se\/115747199659146408","error":""},"_links":{"self":[{"href":"https:\/\/www.europesays.com\/se\/wp-json\/wp\/v2\/posts\/111368","targetHints":{"allow":["GET"]}}],"collection":[{"href":"https:\/\/www.europesays.com\/se\/wp-json\/wp\/v2\/posts"}],"about":[{"href":"https:\/\/www.europesays.com\/se\/wp-json\/wp\/v2\/types\/post"}],"author":[{"embeddable":true,"href":"https:\/\/www.europesays.com\/se\/wp-json\/wp\/v2\/users\/2"}],"replies":[{"embeddable":true,"href":"https:\/\/www.europesays.com\/se\/wp-json\/wp\/v2\/comments?post=111368"}],"version-history":[{"count":0,"href":"https:\/\/www.europesays.com\/se\/wp-json\/wp\/v2\/posts\/111368\/revisions"}],"wp:featuredmedia":[{"embeddable":true,"href":"https:\/\/www.europesays.com\/se\/wp-json\/wp\/v2\/media\/111369"}],"wp:attachment":[{"href":"https:\/\/www.europesays.com\/se\/wp-json\/wp\/v2\/media?parent=111368"}],"wp:term":[{"taxonomy":"category","embeddable":true,"href":"https:\/\/www.europesays.com\/se\/wp-json\/wp\/v2\/categories?post=111368"},{"taxonomy":"post_tag","embeddable":true,"href":"https:\/\/www.europesays.com\/se\/wp-json\/wp\/v2\/tags?post=111368"}],"curies":[{"name":"wp","href":"https:\/\/api.w.org\/{rel}","templated":true}]}}