{"id":111370,"date":"2025-12-19T16:34:13","date_gmt":"2025-12-19T16:34:13","guid":{"rendered":"https:\/\/www.europesays.com\/se\/111370\/"},"modified":"2025-12-19T16:34:13","modified_gmt":"2025-12-19T16:34:13","slug":"gina-dirawi-och-hampus-nessvold-ska-leda-mellon","status":"publish","type":"post","link":"https:\/\/www.europesays.com\/se\/111370\/","title":{"rendered":"Gina Dirawi och Hampus Nessvold ska leda mellon"},"content":{"rendered":"<p>Gina Dirawi och Hampus Nessvold ska leda Melodifestivalen 2026, rapporterar SVT Nyheter.<\/p>\n<p>F\u00f6r komikern och artisten Dirawi blir det fj\u00e4rde g\u00e5ngen i rollen, medan komikern och sk\u00e5despelaren Nessvold g\u00f6r debut.<\/p>\n<p>\u2013 Det \u00e4r tio \u00e5r sedan jag m\u00f6tte publiken senast, och jag har saknat den. Melodifestivalen \u00e4r en alldeles unik scen att st\u00e5 p\u00e5, s\u00e4ger Dirawi.<\/p>\n<p>Omni \u00e4r politiskt obundna och oberoende. Vi str\u00e4var efter att ge fler perspektiv p\u00e5 nyheterna. Har du fr\u00e5gor eller synpunkter kring v\u00e5r rapportering? <a href=\"https:\/\/omni.se\/gina-dirawi-och-hampus-nessvold-ska-leda-mellon\/a\/mailto:redaktion@omni.se\" class=\"ArticleActions_contactLink__W2F1M\" rel=\"nofollow noopener\" target=\"_blank\">Kontakta redaktionen<\/a><\/p>\n","protected":false},"excerpt":{"rendered":"Gina Dirawi och Hampus Nessvold ska leda Melodifestivalen 2026, rapporterar SVT Nyheter. F\u00f6r komikern och artisten Dirawi blir&hellip;\n","protected":false},"author":2,"featured_media":111371,"comment_status":"","ping_status":"","sticky":false,"template":"","format":"standard","meta":{"footnotes":""},"categories":[67],"tags":[104,168,4049,4051,4050,172,34,31,33,586,32,30,105],"class_list":{"0":"post-111370","1":"post","2":"type-post","3":"status-publish","4":"format-standard","5":"has-post-thumbnail","7":"category-underhallning","8":"tag-entertainment","9":"tag-film-tv","10":"tag-gina-dirawi","11":"tag-hampus-nessvold","12":"tag-melodifestivalen","13":"tag-musik","14":"tag-se","15":"tag-svenska","16":"tag-sverige","17":"tag-svt","18":"tag-sweden","19":"tag-swedish","20":"tag-underhallning"},"share_on_mastodon":{"url":"https:\/\/pubeurope.com\/@se\/115747203554470882","error":""},"_links":{"self":[{"href":"https:\/\/www.europesays.com\/se\/wp-json\/wp\/v2\/posts\/111370","targetHints":{"allow":["GET"]}}],"collection":[{"href":"https:\/\/www.europesays.com\/se\/wp-json\/wp\/v2\/posts"}],"about":[{"href":"https:\/\/www.europesays.com\/se\/wp-json\/wp\/v2\/types\/post"}],"author":[{"embeddable":true,"href":"https:\/\/www.europesays.com\/se\/wp-json\/wp\/v2\/users\/2"}],"replies":[{"embeddable":true,"href":"https:\/\/www.europesays.com\/se\/wp-json\/wp\/v2\/comments?post=111370"}],"version-history":[{"count":0,"href":"https:\/\/www.europesays.com\/se\/wp-json\/wp\/v2\/posts\/111370\/revisions"}],"wp:featuredmedia":[{"embeddable":true,"href":"https:\/\/www.europesays.com\/se\/wp-json\/wp\/v2\/media\/111371"}],"wp:attachment":[{"href":"https:\/\/www.europesays.com\/se\/wp-json\/wp\/v2\/media?parent=111370"}],"wp:term":[{"taxonomy":"category","embeddable":true,"href":"https:\/\/www.europesays.com\/se\/wp-json\/wp\/v2\/categories?post=111370"},{"taxonomy":"post_tag","embeddable":true,"href":"https:\/\/www.europesays.com\/se\/wp-json\/wp\/v2\/tags?post=111370"}],"curies":[{"name":"wp","href":"https:\/\/api.w.org\/{rel}","templated":true}]}}