{"id":111372,"date":"2025-12-19T16:38:12","date_gmt":"2025-12-19T16:38:12","guid":{"rendered":"https:\/\/www.europesays.com\/se\/111372\/"},"modified":"2025-12-19T16:38:12","modified_gmt":"2025-12-19T16:38:12","slug":"mordade-sina-barn-flyttas-till-kvinnofangelse","status":"publish","type":"post","link":"https:\/\/www.europesays.com\/se\/111372\/","title":{"rendered":"M\u00f6rdade sina barn \u2013 flyttas till kvinnof\u00e4ngelse"},"content":{"rendered":"<p>share-arrowDela<\/p>\n<p>unsaveSpara<\/p>\n<p>expand-left<\/p>\n<p>helsk\u00e4rm<img decoding=\"async\" class=\"image-asset hyperion-css-u06ts1\" data-test-tag=\"image-asset\" src=\"https:\/\/www.europesays.com\/se\/wp-content\/uploads\/2025\/12\/a1496c43-cdf5-453e-89ed-12b74a6ebb8f\"  alt=\"En minnesplats utanf\u00f6r huset d\u00e4r pappan m\u00f6rdade sina tv\u00e5 barn i april i fjol.\"  loading=\"eager\" fetchpriority=\"high\" style=\"aspect-ratio:1900 \/ 1267\"\/>En minnesplats utanf\u00f6r huset d\u00e4r pappan m\u00f6rdade sina tv\u00e5 barn i april i fjol. Foto: Christine Olsson\/TT<\/p>\n<p class=\"hyperion-css-1shl3oz\" data-test-tag=\"lead-text\">Den pappa som d\u00f6mdes till livstid f\u00f6r att ha m\u00f6rdat sina tv\u00e5 barn i S\u00f6dert\u00e4lje i fjol har bytt namn och juridiskt k\u00f6n, rapporterar TV4 Nyheterna. Hon har d\u00e4rf\u00f6r flyttats till en kvinnoanstalt.<\/p>\n<p class=\"hyperion-css-1v9qo5x\">Det \u00e4r med h\u00e4nvisning till \u201drisk f\u00f6r hennes s\u00e4kerhet till liv och h\u00e4lsa\u201d som dubbelm\u00f6rdaren flyttas, enligt Kriminalv\u00e5rdens beslut.<\/p>\n<p class=\"hyperion-css-1v9qo5x\">Det var i april 2024 som en mamma hittade sina tv\u00e5 barn m\u00f6rdade i sovrummet n\u00e4r hon kom hem.<\/p>\n<p class=\"hyperion-css-1v9qo5x\">Stora delar av polisutredningen fokuserade p\u00e5 pappans psykiska m\u00e5ende kopplat till k\u00f6nsidentitet, och han sade i f\u00f6rh\u00f6ren att han identifierade sig som kvinna.<\/p>\n<p class=\"hyperion-css-1v9qo5x\">Efter det juridiska bytet av k\u00f6n tillh\u00f6r hon inte m\u00e5lgruppen p\u00e5 Tidaholm utan ska \u201domplaceras till annan l\u00e4mplig anstalt f\u00f6r att hon ska ges m\u00f6jlighet att \u00e5terg\u00e5 i gemensamhet\u201d, skriver Kriminalv\u00e5rden enligt TV4 Nyheterna.<\/p>\n","protected":false},"excerpt":{"rendered":"share-arrowDela unsaveSpara expand-left helsk\u00e4rmEn minnesplats utanf\u00f6r huset d\u00e4r pappan m\u00f6rdade sina tv\u00e5 barn i april i fjol. Foto:&hellip;\n","protected":false},"author":2,"featured_media":111373,"comment_status":"","ping_status":"","sticky":false,"template":"","format":"standard","meta":{"footnotes":""},"categories":[12],"tags":[22,23,26,27,17,21,24,25,28,29,15,16,18,34,31,33,32,30,19,20],"class_list":{"0":"post-111372","1":"post","2":"type-post","3":"status-publish","4":"format-standard","5":"has-post-thumbnail","7":"category-sverige","8":"tag-breaking-news","9":"tag-breakingnews","10":"tag-featured-news","11":"tag-featurednews","12":"tag-headlines","13":"tag-huvudnyheter","14":"tag-latest-news","15":"tag-latestnews","16":"tag-main-news","17":"tag-mainnews","18":"tag-news","19":"tag-nyheter","20":"tag-rubriker","21":"tag-se","22":"tag-svenska","23":"tag-sverige","24":"tag-sweden","25":"tag-swedish","26":"tag-top-stories","27":"tag-topstories"},"share_on_mastodon":{"url":"https:\/\/pubeurope.com\/@se\/115747219516709020","error":""},"_links":{"self":[{"href":"https:\/\/www.europesays.com\/se\/wp-json\/wp\/v2\/posts\/111372","targetHints":{"allow":["GET"]}}],"collection":[{"href":"https:\/\/www.europesays.com\/se\/wp-json\/wp\/v2\/posts"}],"about":[{"href":"https:\/\/www.europesays.com\/se\/wp-json\/wp\/v2\/types\/post"}],"author":[{"embeddable":true,"href":"https:\/\/www.europesays.com\/se\/wp-json\/wp\/v2\/users\/2"}],"replies":[{"embeddable":true,"href":"https:\/\/www.europesays.com\/se\/wp-json\/wp\/v2\/comments?post=111372"}],"version-history":[{"count":0,"href":"https:\/\/www.europesays.com\/se\/wp-json\/wp\/v2\/posts\/111372\/revisions"}],"wp:featuredmedia":[{"embeddable":true,"href":"https:\/\/www.europesays.com\/se\/wp-json\/wp\/v2\/media\/111373"}],"wp:attachment":[{"href":"https:\/\/www.europesays.com\/se\/wp-json\/wp\/v2\/media?parent=111372"}],"wp:term":[{"taxonomy":"category","embeddable":true,"href":"https:\/\/www.europesays.com\/se\/wp-json\/wp\/v2\/categories?post=111372"},{"taxonomy":"post_tag","embeddable":true,"href":"https:\/\/www.europesays.com\/se\/wp-json\/wp\/v2\/tags?post=111372"}],"curies":[{"name":"wp","href":"https:\/\/api.w.org\/{rel}","templated":true}]}}