{"id":111374,"date":"2025-12-19T16:39:10","date_gmt":"2025-12-19T16:39:10","guid":{"rendered":"https:\/\/www.europesays.com\/se\/111374\/"},"modified":"2025-12-19T16:39:10","modified_gmt":"2025-12-19T16:39:10","slug":"lurade-aldre-kvinnor-sa-att-de-var-fran-fejkmyndighet-sverige","status":"publish","type":"post","link":"https:\/\/www.europesays.com\/se\/111374\/","title":{"rendered":"Lurade \u00e4ldre kvinnor \u2013 sa att de var fr\u00e5n fejkmyndighet | Sverige"},"content":{"rendered":"<p>Publicerad 19 dec 2025 kl 14.09Uppdaterad kl 14.56<\/p>\n<p>Tio personer i \u00e5ldrarna 18-36 \u00e5r misst\u00e4nks f\u00f6r en rad grova bedr\u00e4gerier och grova st\u00f6lder mot 17 \u00e4ldre kvinnor.\u00a0<\/p>\n<p>I dag faller domen \u2013 de f\u00e5r alla f\u00e4ngelse.\u00a0<\/p>\n<p>Senaste nyhetsklippen fr\u00e5n Expressen.<\/p>\n<p>17 kvinnor f\u00f6dda p\u00e5 1930-talet \u00e4r m\u00e5ls\u00e4gande i \u00e4rendet d\u00e4r tio personer nu d\u00f6ms f\u00f6r grova bedr\u00e4gerier och st\u00f6lder.<\/p>\n<p>\u2013 Brottsligheten har varit v\u00e4lorganiserad och systematisk. Den framst\u00e5r som s\u00e4rskilt f\u00f6rslagen d\u00e5 den medvetet riktat sig mot \u00e4ldre personer som har sv\u00e5rt att v\u00e4rja sig mot den h\u00e4r typen av bedr\u00e4gerier och st\u00f6lder, s\u00e4ger r\u00e4ttens ordf\u00f6rande r\u00e5dmannen Anja Nordfeldt i ett pressmeddelande.\u00a0<\/p>\n<p>Kvinnorna har alla blivit uppringda av personer som vilselett dem genom att p\u00e5st\u00e5 att det funnits ett p\u00e5hittat problem med deras dricksvatten.\u00a0<\/p>\n<p>I flera fall har bedragarna utgett sig f\u00f6r att vara kontrollanter fr\u00e5n den p\u00e5hittade myndigheten Vattenverket.\u00a0<\/p>\n<p>Alla tio d\u00f6ms<\/p>\n<p>I dag d\u00f6ms alla tio f\u00f6r att i varierande grad ha deltagit i brottsligheten.<\/p>\n<p>Den person som tingsr\u00e4tten anser har haft en styrande roll i verksamheten d\u00f6ms till 5 \u00e5r och 6 m\u00e5naders f\u00e4ngelse f\u00f6r bland annat fem grova st\u00f6lder, fem grova bedr\u00e4gerier, tio f\u00f6rs\u00f6k till grov st\u00f6ld och tio f\u00f6rs\u00f6k till grovt bedr\u00e4geri.<\/p>\n<p>\u00d6vriga personer har inte varit \u00e5talade i samma omfattning och d\u00f6ms till f\u00e4ngelse i mellan 1 \u00e5r 6 m\u00e5nader och 3 \u00e5r 6 m\u00e5nader.\u00a0<\/p>\n<p>En man som medverkat i polisutredningen d\u00f6ms till f\u00e4ngelse i 1 \u00e5r. En kvinna som ocks\u00e5 medverkat i polisutredningen och var 18 \u00e5r n\u00e4r brotten begicks d\u00f6ms till skyddstillsyn i kombination med f\u00e4ngelse.<\/p>\n<p>Organiserad brottslighet<\/p>\n<p>Brotten har beg\u00e5tts i stora delar av Sk\u00e5ne och Blekinge under maj och juni i \u00e5r. Utredningen visar att brottsligheten har varit organiserad och n\u00e5gra av de tilltalade har rest till Sk\u00e5ne fr\u00e5n andra h\u00e5ll i landet f\u00f6r att utf\u00f6ra brotten.<\/p>\n<p>\u2013 De som nu \u00e5talas har haft olika roller i brottsuppl\u00e4gget, vissa har agerat uppringare, andra har agerat kontrollanter och n\u00e5gra av dem har befunnit sig h\u00f6gre upp i hierarkin som n\u00e5gon form av chefer, sa kammar\u00e5klagare Karin Nilsson i ett tidigare pressmeddelande. \u00a0\u00a0<\/p>\n","protected":false},"excerpt":{"rendered":"Publicerad 19 dec 2025 kl 14.09Uppdaterad kl 14.56 Tio personer i \u00e5ldrarna 18-36 \u00e5r misst\u00e4nks f\u00f6r en rad&hellip;\n","protected":false},"author":2,"featured_media":319,"comment_status":"","ping_status":"","sticky":false,"template":"","format":"standard","meta":{"footnotes":""},"categories":[5],"tags":[22,23,26,27,17,21,24,25,28,29,15,16,12286,18,34,154,31,33,32,30,19,1307,20],"class_list":{"0":"post-111374","1":"post","2":"type-post","3":"status-publish","4":"format-standard","5":"has-post-thumbnail","7":"category-rubriker","8":"tag-breaking-news","9":"tag-breakingnews","10":"tag-featured-news","11":"tag-featurednews","12":"tag-headlines","13":"tag-huvudnyheter","14":"tag-latest-news","15":"tag-latestnews","16":"tag-main-news","17":"tag-mainnews","18":"tag-news","19":"tag-nyheter","20":"tag-organization-helsingborgs-tingsratt","21":"tag-rubriker","22":"tag-se","23":"tag-sections-sverige","24":"tag-svenska","25":"tag-sverige","26":"tag-sweden","27":"tag-swedish","28":"tag-top-stories","29":"tag-topic-bedrageri","30":"tag-topstories"},"share_on_mastodon":{"url":"https:\/\/pubeurope.com\/@se\/115747223254542069","error":""},"_links":{"self":[{"href":"https:\/\/www.europesays.com\/se\/wp-json\/wp\/v2\/posts\/111374","targetHints":{"allow":["GET"]}}],"collection":[{"href":"https:\/\/www.europesays.com\/se\/wp-json\/wp\/v2\/posts"}],"about":[{"href":"https:\/\/www.europesays.com\/se\/wp-json\/wp\/v2\/types\/post"}],"author":[{"embeddable":true,"href":"https:\/\/www.europesays.com\/se\/wp-json\/wp\/v2\/users\/2"}],"replies":[{"embeddable":true,"href":"https:\/\/www.europesays.com\/se\/wp-json\/wp\/v2\/comments?post=111374"}],"version-history":[{"count":0,"href":"https:\/\/www.europesays.com\/se\/wp-json\/wp\/v2\/posts\/111374\/revisions"}],"wp:featuredmedia":[{"embeddable":true,"href":"https:\/\/www.europesays.com\/se\/wp-json\/wp\/v2\/media\/319"}],"wp:attachment":[{"href":"https:\/\/www.europesays.com\/se\/wp-json\/wp\/v2\/media?parent=111374"}],"wp:term":[{"taxonomy":"category","embeddable":true,"href":"https:\/\/www.europesays.com\/se\/wp-json\/wp\/v2\/categories?post=111374"},{"taxonomy":"post_tag","embeddable":true,"href":"https:\/\/www.europesays.com\/se\/wp-json\/wp\/v2\/tags?post=111374"}],"curies":[{"name":"wp","href":"https:\/\/api.w.org\/{rel}","templated":true}]}}