{"id":111375,"date":"2025-12-19T16:41:09","date_gmt":"2025-12-19T16:41:09","guid":{"rendered":"https:\/\/www.europesays.com\/se\/111375\/"},"modified":"2025-12-19T16:41:09","modified_gmt":"2025-12-19T16:41:09","slug":"boxning-anthony-joshuas-varning-till-jake-paul-pa-invagningen-jag-kommer-att-spoa-skiten-ur-dig","status":"publish","type":"post","link":"https:\/\/www.europesays.com\/se\/111375\/","title":{"rendered":"Boxning: Anthony Joshuas varning till Jake Paul p\u00e5 inv\u00e4gningen: \u201dJag kommer att sp\u00f6a skiten ur dig\u201d"},"content":{"rendered":"<p>I spelaren ovan kan du h\u00f6ra b\u00e5da boxarna inf\u00f6r helgens match och se dem v\u00e4ga in.<\/p>\n<p>L\u00f6rdag morgon, svensk tid, kliver Youtubern Jake Paul upp i ringen f\u00f6r sin sv\u00e5raste boxningsmatch hittills.<\/p>\n<p>Han st\u00e4lls d\u00e5 mot OS-guldmedalj\u00f6ren och f\u00f6rre tungviktsm\u00e4staren Anthony Joshua, i en match som har kritiserats f\u00f6r att vara livsfarlig f\u00f6r den mindre och mer oerfarne Jake Paul.<\/p>\n<p>Under fredagen v\u00e4gde boxarna in, p\u00e5 110 respektive 98 kilo, och st\u00e4lldes \u00f6ga mot \u00f6ga en sista g\u00e5ng innan matchen.<\/p>\n<p>\u2013 Skillnaden mellan oss tv\u00e5 \u00e4r att jag \u00e4r en seri\u00f6s, seri\u00f6s fajter. Jag kommer att sp\u00f6a skiten ur dig, varnade Joshua.<\/p>\n<p>Matchen i Miami kommer att avg\u00f6ras \u00f6ver \u00e5tta ronder \u00e1 tre minuter och s\u00e4ndas p\u00e5 Netflix.<\/p>\n<p>Jake Paul har 12\u20131 (7 KO) i matchfacit j\u00e4mf\u00f6rt med Joshuas 28\u20134 (25 KO).<\/p>\n","protected":false},"excerpt":{"rendered":"I spelaren ovan kan du h\u00f6ra b\u00e5da boxarna inf\u00f6r helgens match och se dem v\u00e4ga in. L\u00f6rdag morgon,&hellip;\n","protected":false},"author":2,"featured_media":111376,"comment_status":"","ping_status":"","sticky":false,"template":"","format":"standard","meta":{"footnotes":""},"categories":[68],"tags":[34,111,110,31,33,32,30],"class_list":{"0":"post-111375","1":"post","2":"type-post","3":"status-publish","4":"format-standard","5":"has-post-thumbnail","7":"category-sport","8":"tag-se","9":"tag-sport","10":"tag-sports","11":"tag-svenska","12":"tag-sverige","13":"tag-sweden","14":"tag-swedish"},"share_on_mastodon":{"url":"https:\/\/pubeurope.com\/@se\/115747231092146088","error":""},"_links":{"self":[{"href":"https:\/\/www.europesays.com\/se\/wp-json\/wp\/v2\/posts\/111375","targetHints":{"allow":["GET"]}}],"collection":[{"href":"https:\/\/www.europesays.com\/se\/wp-json\/wp\/v2\/posts"}],"about":[{"href":"https:\/\/www.europesays.com\/se\/wp-json\/wp\/v2\/types\/post"}],"author":[{"embeddable":true,"href":"https:\/\/www.europesays.com\/se\/wp-json\/wp\/v2\/users\/2"}],"replies":[{"embeddable":true,"href":"https:\/\/www.europesays.com\/se\/wp-json\/wp\/v2\/comments?post=111375"}],"version-history":[{"count":0,"href":"https:\/\/www.europesays.com\/se\/wp-json\/wp\/v2\/posts\/111375\/revisions"}],"wp:featuredmedia":[{"embeddable":true,"href":"https:\/\/www.europesays.com\/se\/wp-json\/wp\/v2\/media\/111376"}],"wp:attachment":[{"href":"https:\/\/www.europesays.com\/se\/wp-json\/wp\/v2\/media?parent=111375"}],"wp:term":[{"taxonomy":"category","embeddable":true,"href":"https:\/\/www.europesays.com\/se\/wp-json\/wp\/v2\/categories?post=111375"},{"taxonomy":"post_tag","embeddable":true,"href":"https:\/\/www.europesays.com\/se\/wp-json\/wp\/v2\/tags?post=111375"}],"curies":[{"name":"wp","href":"https:\/\/api.w.org\/{rel}","templated":true}]}}