{"id":111377,"date":"2025-12-19T16:42:11","date_gmt":"2025-12-19T16:42:11","guid":{"rendered":"https:\/\/www.europesays.com\/se\/111377\/"},"modified":"2025-12-19T16:42:11","modified_gmt":"2025-12-19T16:42:11","slug":"dirawi-och-nessvold-leder-melodifestivalen-2","status":"publish","type":"post","link":"https:\/\/www.europesays.com\/se\/111377\/","title":{"rendered":"Dirawi och Nessvold leder Melodifestivalen"},"content":{"rendered":"<p>D\u00e4rmed bekr\u00e4ftas de rykten som varit i svang under h\u00f6sten.Det blir fj\u00e4rde g\u00e5ngen som Gina Dirawi leder t\u00e4vlingen  \u2013 ett rekord f\u00f6r en kvinnlig programledare \u2013 men f\u00f6r Hampus Nessvold \u00e4r det debut.\u201dDet \u00e4r tio \u00e5r sedan jag m\u00f6tte publiken senast, och jag har saknat den. Melodifestivalen \u00e4r en alldeles unik scen att st\u00e5 p\u00e5. Att nu f\u00f6r fj\u00e4rde g\u00e5ngen f\u00e5 komma tillbaka till <\/p>\n","protected":false},"excerpt":{"rendered":"D\u00e4rmed bekr\u00e4ftas de rykten som varit i svang under h\u00f6sten.Det blir fj\u00e4rde g\u00e5ngen som Gina Dirawi leder t\u00e4vlingen&hellip;\n","protected":false},"author":2,"featured_media":111378,"comment_status":"","ping_status":"","sticky":false,"template":"","format":"standard","meta":{"footnotes":""},"categories":[67],"tags":[104,34,31,33,32,30,105],"class_list":{"0":"post-111377","1":"post","2":"type-post","3":"status-publish","4":"format-standard","5":"has-post-thumbnail","7":"category-underhallning","8":"tag-entertainment","9":"tag-se","10":"tag-svenska","11":"tag-sverige","12":"tag-sweden","13":"tag-swedish","14":"tag-underhallning"},"share_on_mastodon":{"url":"https:\/\/pubeurope.com\/@se\/115747235028572400","error":""},"_links":{"self":[{"href":"https:\/\/www.europesays.com\/se\/wp-json\/wp\/v2\/posts\/111377","targetHints":{"allow":["GET"]}}],"collection":[{"href":"https:\/\/www.europesays.com\/se\/wp-json\/wp\/v2\/posts"}],"about":[{"href":"https:\/\/www.europesays.com\/se\/wp-json\/wp\/v2\/types\/post"}],"author":[{"embeddable":true,"href":"https:\/\/www.europesays.com\/se\/wp-json\/wp\/v2\/users\/2"}],"replies":[{"embeddable":true,"href":"https:\/\/www.europesays.com\/se\/wp-json\/wp\/v2\/comments?post=111377"}],"version-history":[{"count":0,"href":"https:\/\/www.europesays.com\/se\/wp-json\/wp\/v2\/posts\/111377\/revisions"}],"wp:featuredmedia":[{"embeddable":true,"href":"https:\/\/www.europesays.com\/se\/wp-json\/wp\/v2\/media\/111378"}],"wp:attachment":[{"href":"https:\/\/www.europesays.com\/se\/wp-json\/wp\/v2\/media?parent=111377"}],"wp:term":[{"taxonomy":"category","embeddable":true,"href":"https:\/\/www.europesays.com\/se\/wp-json\/wp\/v2\/categories?post=111377"},{"taxonomy":"post_tag","embeddable":true,"href":"https:\/\/www.europesays.com\/se\/wp-json\/wp\/v2\/tags?post=111377"}],"curies":[{"name":"wp","href":"https:\/\/api.w.org\/{rel}","templated":true}]}}