{"id":111381,"date":"2025-12-19T16:46:08","date_gmt":"2025-12-19T16:46:08","guid":{"rendered":"https:\/\/www.europesays.com\/se\/111381\/"},"modified":"2025-12-19T16:46:08","modified_gmt":"2025-12-19T16:46:08","slug":"stopp-i-jultrafiken-far-ju-inte-bli-ett-ras-trafik-och-vader-i-jul-2025-folj-senaste-nytt-svt-nyheter","status":"publish","type":"post","link":"https:\/\/www.europesays.com\/se\/111381\/","title":{"rendered":"Stopp i jultrafiken: \u201dF\u00e5r ju inte bli ett ras\u201d \u2013 Trafik och v\u00e4der i jul 2025 \u2013 f\u00f6lj senaste nytt &#8211; SVT Nyheter"},"content":{"rendered":"<ol>\n<li><a href=\"https:\/\/news.google.com\/rss\/articles\/CBMivAFBVV95cUxQUDA3cldPbUdUVWZFU3dmUmQ4ZUNpZEFhTC1lajBuZkVDbGZSYkw0UkZJVDZEdmRxa1dZOVIzeGpuZ0pkVmxLRERDdURNODFubFJRRHNUc1d0V0w2SGpaSktwNm1Xcm9PUkUxTE9oUmVTemJqOHRpZjVkV3FzNTNTN3lUdjBaRFpSMkNkaTkxSmNVUFV0UXlPMzcyVEpwVTRWbjEtZE9CWno4aG90dk54SW5CaHZiR0tJcDFzMA?oc=5\" target=\"_blank\" rel=\"nofollow noopener\">Stopp i jultrafiken: \u201dF\u00e5r ju inte bli ett ras\u201d \u2013 Trafik och v\u00e4der i jul 2025 \u2013 f\u00f6lj senaste nytt<\/a>&nbsp;&nbsp;SVT Nyheter<\/li>\n<li><a href=\"https:\/\/news.google.com\/rss\/articles\/CBMilgFBVV95cUxQQzFsN2dMM0VHX0hQYlpBcDlpbXhlLUQtOG1UWkpBTUk4Y0FRc1RfT1htbkd4MGNmLXRYcDRQWXlxT1dNQzRNS1JsOExrMnpYbWVnRXRGZUF0TVBzOGt6dnMwRWs2dUo0anFzb3IweHA0bGZDVHJiOTQ4d1Z2WHZIc2dXQy1QNkQ1UDh3YVJxYkpFekdvN0E?oc=5\" target=\"_blank\" rel=\"nofollow noopener\">S\u00e5 blir trafiken i jul: \u201dFolk k\u00f6r inte f\u00f6rsiktigt\u201d<\/a>&nbsp;&nbsp;Aftonbladet<\/li>\n<li><a href=\"https:\/\/news.google.com\/rss\/articles\/CBMijAFBVV95cUxOb0F2NjJsYU85QmRPTDc3OVh5eHBoa3ZuOGlHY2hrSlFZZFF4TzZFWEZjSGRheHBoRWxGS1duWFFzNWxyelI5LXVzel9ZYnF0SDZuUXVUbk14d3hxRllYVU9hcUVsek4xVWNhUk5kRFpSMUFHYmZmcjA5OXp5djl5VVN2NUFCQ3lOclhWaA?oc=5\" target=\"_blank\" rel=\"nofollow noopener\">Inga l\u00f6ften om julgaranti f\u00f6r t\u00e5gresen\u00e4rer<\/a>&nbsp;&nbsp;Sveriges Radio<\/li>\n<li><a href=\"https:\/\/news.google.com\/rss\/articles\/CBMiekFVX3lxTFBWdmUyZDhPRUQ3a014X3BkQkdoZFJIeWczcDA3RzBiLTNXdXB5Z1ItRE9HY0RfbzYyeUtsb3VmRVd5X3p2cWd0bUF0QmtocE5QOXBrUVZLY2RnV2dCSVE0SjRkUEZDeFVyWEQ4QXlrQ0lYZnhlVld4dmxn?oc=5\" target=\"_blank\" rel=\"nofollow noopener\">H\u00e4r sker olyckorna \u2013 p\u00e5 v\u00e4g till julmyset<\/a>&nbsp;&nbsp;VLT<\/li>\n<li><a href=\"https:\/\/news.google.com\/rss\/articles\/CBMikAFBVV95cUxOQlM1UXlOZmhGTHpCeVBiQWdJYUh2U1RvTDl6dldyRjdrOVdsaTZUYjdfM1preVg4Y2kzc2p5YmR0dVQxM2Y2R3h5UTMwMGJfTlhiUHZWTGNDTURqX1I4LVNleWMzNm9KeVAtaXJRblh5dF84ZXl1VlBYXzM5U1VRRTVyUUF4UTRJWW10UUUyekM?oc=5\" target=\"_blank\" rel=\"nofollow noopener\">H\u00e4r \u00e4r de mest olycks- drabbade v\u00e4garna i jul<\/a>&nbsp;&nbsp;Expressen<\/li>\n<\/ol>\n","protected":false},"excerpt":{"rendered":"Stopp i jultrafiken: \u201dF\u00e5r ju inte bli ett ras\u201d \u2013 Trafik och v\u00e4der i jul 2025 \u2013 f\u00f6lj&hellip;\n","protected":false},"author":2,"featured_media":110988,"comment_status":"","ping_status":"","sticky":false,"template":"","format":"standard","meta":{"footnotes":""},"categories":[12],"tags":[22,23,26,27,17,21,24,25,28,29,15,16,18,34,31,33,32,30,19,20],"class_list":{"0":"post-111381","1":"post","2":"type-post","3":"status-publish","4":"format-standard","5":"has-post-thumbnail","7":"category-sverige","8":"tag-breaking-news","9":"tag-breakingnews","10":"tag-featured-news","11":"tag-featurednews","12":"tag-headlines","13":"tag-huvudnyheter","14":"tag-latest-news","15":"tag-latestnews","16":"tag-main-news","17":"tag-mainnews","18":"tag-news","19":"tag-nyheter","20":"tag-rubriker","21":"tag-se","22":"tag-svenska","23":"tag-sverige","24":"tag-sweden","25":"tag-swedish","26":"tag-top-stories","27":"tag-topstories"},"share_on_mastodon":{"url":"https:\/\/pubeurope.com\/@se\/115747250849097168","error":""},"_links":{"self":[{"href":"https:\/\/www.europesays.com\/se\/wp-json\/wp\/v2\/posts\/111381","targetHints":{"allow":["GET"]}}],"collection":[{"href":"https:\/\/www.europesays.com\/se\/wp-json\/wp\/v2\/posts"}],"about":[{"href":"https:\/\/www.europesays.com\/se\/wp-json\/wp\/v2\/types\/post"}],"author":[{"embeddable":true,"href":"https:\/\/www.europesays.com\/se\/wp-json\/wp\/v2\/users\/2"}],"replies":[{"embeddable":true,"href":"https:\/\/www.europesays.com\/se\/wp-json\/wp\/v2\/comments?post=111381"}],"version-history":[{"count":0,"href":"https:\/\/www.europesays.com\/se\/wp-json\/wp\/v2\/posts\/111381\/revisions"}],"wp:featuredmedia":[{"embeddable":true,"href":"https:\/\/www.europesays.com\/se\/wp-json\/wp\/v2\/media\/110988"}],"wp:attachment":[{"href":"https:\/\/www.europesays.com\/se\/wp-json\/wp\/v2\/media?parent=111381"}],"wp:term":[{"taxonomy":"category","embeddable":true,"href":"https:\/\/www.europesays.com\/se\/wp-json\/wp\/v2\/categories?post=111381"},{"taxonomy":"post_tag","embeddable":true,"href":"https:\/\/www.europesays.com\/se\/wp-json\/wp\/v2\/tags?post=111381"}],"curies":[{"name":"wp","href":"https:\/\/api.w.org\/{rel}","templated":true}]}}