{"id":111382,"date":"2025-12-19T16:47:25","date_gmt":"2025-12-19T16:47:25","guid":{"rendered":"https:\/\/www.europesays.com\/se\/111382\/"},"modified":"2025-12-19T16:47:25","modified_gmt":"2025-12-19T16:47:25","slug":"atilla-azimov-doms-till-livstidsfangelse-for-mordet-pa-murad","status":"publish","type":"post","link":"https:\/\/www.europesays.com\/se\/111382\/","title":{"rendered":"Atilla Azimov d\u00f6ms till livstids\nf\u00e4ngelse f\u00f6r mordet p\u00e5 Murad"},"content":{"rendered":"<p>Publicerad 19 dec 2025 kl 10.53Uppdaterad kl 12.22<\/p>\n<p>Murad, 20, sk\u00f6ts ihj\u00e4l med flera skott p\u00e5 sin v\u00e4g hem fr\u00e5n jobbet.\u00a0<\/p>\n<p>Enligt polis och \u00e5klagare hade han inget med kriminalitet att g\u00f6ra.<\/p>\n<p>Atilla Azimov, 18, d\u00f6ms f\u00f6r mordet till livstids f\u00e4ngelse.\u00a0<\/p>\n<p>\u2013 G\u00e4rningsmannen har uppvisat en oerh\u00f6rd kyla och brutalitet, s\u00e4ger r\u00e5dmannen Fredrik Nyd\u00e9n.<\/p>\n<p>Nyheter, reportage och analyser i Sverige och i \u00f6vriga v\u00e4rlden.<img   alt=\"\"\/><\/p>\n<p>Atilla Azimov, 18, d\u00f6ms f\u00f6r mord till livstids f\u00e4ngelse.<\/p>\n<p>\u00d6ppna bild i helsk\u00e4rm<img loading=\"lazy\"   alt=\"\"\/><\/p>\n<p>Murad blev bara 20 \u00e5r.<\/p>\n<p>Foto: Privat<\/p>\n<p>\u00d6ppna bild i helsk\u00e4rm<img loading=\"lazy\"   alt=\"\"\/><\/p>\n<p>Andra bilder och videos som hittats i de misst\u00e4nktas telefoner.<\/p>\n<p>Foto: Polisen<\/p>\n<p>\u00d6ppna bild i helsk\u00e4rm<img loading=\"lazy\"   alt=\"\"\/><\/p>\n<p>Efter att polisen kopplat ihop personen p\u00e5 \u00f6vervakningsfilmer fr\u00e5n Alby vid skjutningen med<br \/>\nde kl\u00e4der som Atilla Azimov bar n\u00e4r han kontrollerades i en taxi beslutades att Atilla Azimov skulle gripas.<\/p>\n<p>Foto: Polisen<\/p>\n<p>\u00d6ppna bild i helsk\u00e4rm<img loading=\"lazy\"   alt=\"\"\/><\/p>\n<p>En taxichauff\u00f6r reagerade p\u00e5 Atilla Azimov i bilen och ringde polisen som kom och kontrollerade honom. Polisen kontrollerade Atilla Azimov strax efter midnatt.<\/p>\n<p>Foto: Polisen<\/p>\n<p>\u00d6ppna bild i helsk\u00e4rm<img loading=\"lazy\"   alt=\"\"\/><\/p>\n<p>Atilla Azimov poserade med femhundralappar i samma veva som mordet.<\/p>\n<p>Foto: Polisen<\/p>\n<p>\u00d6ppna bild i helsk\u00e4rm<\/p>\n<p>Det var den 24 februari <a href=\"https:\/\/www.expressen.se\/nyheter\/sverige\/tonaringar-misstankta-efter-dodsskjutningen-i-alby\/\" rel=\"nofollow noopener\" target=\"_blank\">tidigare i \u00e5r<\/a> som den m\u00f6rkkl\u00e4dde skytten \u00f6ppnade eld i Alby och sk\u00f6t Murad med flera skott som tr\u00e4ffade i b\u00e5de kroppen och huvudet. Atilla Azimov kontrollerades kort efter skjutningen i en taxi men det dr\u00f6jde n\u00e5gon timme innan han slutligen greps p\u00e5 sin hemadress.\u00a0<\/p>\n<p>D\u00e5 stod 18-\u00e5ringen och tv\u00e4ttade kl\u00e4der \u2013 troligen smutsiga fr\u00e5n flykten. Mobiltrafik visar att skytten rekryterades i b\u00f6rjan p\u00e5 februari.\u00a0<\/p>\n<p><img loading=\"lazy\"   alt=\"\"\/><\/p>\n<p>Atilla Azimov, 18, gick p\u00e5 McDonald&#8217;s efter mordet.<\/p>\n<p>Foto: Polisen<\/p>\n<p>\u00d6ppna bild i helsk\u00e4rm\u201dFelskjutning\u201d<\/p>\n<p>Inf\u00f6r mordet gjorde han s\u00f6kningar p\u00e5 n\u00e4tet om vapen \u2013 och <a href=\"https:\/\/www.expressen.se\/nyheter\/krim\/murads-mordare-ville-ha-hjalp-av-chatgpt\/\" rel=\"nofollow noopener\" target=\"_blank\">fr\u00e5gade ChatGPT <\/a>hur man undg\u00e5r att bli tagen av polisen om man m\u00f6rdar n\u00e5gon.\u00a0<\/p>\n<p>Polis och \u00e5klagare har meddelat att mordet p\u00e5 Murad var en s\u00e5 kallad felskjutning. Man har inte kunnat se att Murad hade n\u00e5gra som helst kopplingar till kriminalitet, utan var en vanlig 20-\u00e5ring som umgicks med v\u00e4nner och jobbade.\u00a0<\/p>\n<p>Livstids f\u00e4ngelse f\u00f6r skytten<\/p>\n<p>P\u00e5 fredagen klockan 11 kom domen i S\u00f6dert\u00f6rns tingsr\u00e4tt.\u00a0<\/p>\n<p>D\u00e4r meddelar man att Atilla Azimov, 18, d\u00f6ms f\u00f6r mordet till livstids f\u00e4ngelse. Man sl\u00e5r fast att 18-\u00e5ringen \u201d\u00e5tagit sig ett uppdrag att skjuta en person \u00e5t ett kriminellt n\u00e4tverk mot betalning. Den person som han sk\u00f6t var dock inte den tillt\u00e4nkta m\u00e5ltavlan\u201d, enligt tingsr\u00e4ttens pressmeddelande.<\/p>\n<p>\u2013 G\u00e4rningsmannen har ocks\u00e5 uppvisat en oerh\u00f6rd kyla och brutalitet eftersom han f\u00f6rst skjutit m\u00e5ls\u00e4ganden p\u00e5 visst avst\u00e5nd och sedan g\u00e5tt fram och skjutit ytterligare skott, bland annat i bakhuvudet, n\u00e4r m\u00e5ls\u00e4ganden legat hj\u00e4lp- och f\u00f6rsvarsl\u00f6s p\u00e5 marken, s\u00e4ger r\u00e5dmannen Fredrik Nyd\u00e9n som var r\u00e4ttens ordf\u00f6rande.\u00a0<\/p>\n<p>Atilla Azimov \u00e4r tidigare ostraffad. \u00a0<\/p>\n<p>Sluten ungdomsv\u00e5rd f\u00f6r 17-\u00e5ring<\/p>\n<p>En 17-\u00e5ring d\u00f6ms f\u00f6r medhj\u00e4lp till brottet till sluten ungdomsv\u00e5rd i tre \u00e5r. Detta f\u00f6r att ha bokat en taxi \u00e5t Atilla Azimov. P\u00e5f\u00f6ljden f\u00f6r honom har best\u00e4mts till sluten ungdomsv\u00e5rd i tre \u00e5r. Ytterligare en medtilltalad har frik\u00e4nts d\u00e5 tingsr\u00e4tten inte ansett det bevisat att han k\u00e4nt till att ett mord skulle beg\u00e5s n\u00e4r han vidtog vissa \u00e5tg\u00e4rder. En 16-\u00e5rig pojke d\u00f6ms i samma m\u00e5l till nio m\u00e5naders ungdoms\u00f6vervakning, f\u00f6r grovt vapenbrott.<\/p>\n","protected":false},"excerpt":{"rendered":"Publicerad 19 dec 2025 kl 10.53Uppdaterad kl 12.22 Murad, 20, sk\u00f6ts ihj\u00e4l med flera skott p\u00e5 sin v\u00e4g&hellip;\n","protected":false},"author":2,"featured_media":111383,"comment_status":"","ping_status":"","sticky":false,"template":"","format":"standard","meta":{"footnotes":""},"categories":[5],"tags":[22,23,26,27,17,21,24,25,28,29,15,16,18,34,666,31,33,32,30,19,20],"class_list":{"0":"post-111382","1":"post","2":"type-post","3":"status-publish","4":"format-standard","5":"has-post-thumbnail","7":"category-rubriker","8":"tag-breaking-news","9":"tag-breakingnews","10":"tag-featured-news","11":"tag-featurednews","12":"tag-headlines","13":"tag-huvudnyheter","14":"tag-latest-news","15":"tag-latestnews","16":"tag-main-news","17":"tag-mainnews","18":"tag-news","19":"tag-nyheter","20":"tag-rubriker","21":"tag-se","22":"tag-sections-krim","23":"tag-svenska","24":"tag-sverige","25":"tag-sweden","26":"tag-swedish","27":"tag-top-stories","28":"tag-topstories"},"share_on_mastodon":{"url":"https:\/\/pubeurope.com\/@se\/115747254675764612","error":""},"_links":{"self":[{"href":"https:\/\/www.europesays.com\/se\/wp-json\/wp\/v2\/posts\/111382","targetHints":{"allow":["GET"]}}],"collection":[{"href":"https:\/\/www.europesays.com\/se\/wp-json\/wp\/v2\/posts"}],"about":[{"href":"https:\/\/www.europesays.com\/se\/wp-json\/wp\/v2\/types\/post"}],"author":[{"embeddable":true,"href":"https:\/\/www.europesays.com\/se\/wp-json\/wp\/v2\/users\/2"}],"replies":[{"embeddable":true,"href":"https:\/\/www.europesays.com\/se\/wp-json\/wp\/v2\/comments?post=111382"}],"version-history":[{"count":0,"href":"https:\/\/www.europesays.com\/se\/wp-json\/wp\/v2\/posts\/111382\/revisions"}],"wp:featuredmedia":[{"embeddable":true,"href":"https:\/\/www.europesays.com\/se\/wp-json\/wp\/v2\/media\/111383"}],"wp:attachment":[{"href":"https:\/\/www.europesays.com\/se\/wp-json\/wp\/v2\/media?parent=111382"}],"wp:term":[{"taxonomy":"category","embeddable":true,"href":"https:\/\/www.europesays.com\/se\/wp-json\/wp\/v2\/categories?post=111382"},{"taxonomy":"post_tag","embeddable":true,"href":"https:\/\/www.europesays.com\/se\/wp-json\/wp\/v2\/tags?post=111382"}],"curies":[{"name":"wp","href":"https:\/\/api.w.org\/{rel}","templated":true}]}}