{"id":111386,"date":"2025-12-19T16:55:21","date_gmt":"2025-12-19T16:55:21","guid":{"rendered":"https:\/\/www.europesays.com\/se\/111386\/"},"modified":"2025-12-19T16:55:21","modified_gmt":"2025-12-19T16:55:21","slug":"aklagaren-yrkar-pa-livstids-fangelse-for-styckmordet-i-oskarshamn","status":"publish","type":"post","link":"https:\/\/www.europesays.com\/se\/111386\/","title":{"rendered":"\u00c5klagaren yrkar p\u00e5 livstids f\u00e4ngelse f\u00f6r styckmordet i Oskarshamn"},"content":{"rendered":"<p>P\u00e5 fredagen var sista r\u00e4tteg\u00e5ngsdagen efter det misst\u00e4nkta styckmordet i Oskarshamn. B\u00e5de \u00e5klagare och f\u00f6rsvarare h\u00f6ll sina slutpl\u00e4deringar under eftermiddagen. <\/p>\n<p>\u00c5klagarna Emma Olsson och Magnus Ling menar att det \u00e4r st\u00e4llt utom rimligt tvivel att den \u00e5talade mannen har gjort sig skyldig b\u00e5de till mordet, styckningen av kroppen, och de efterf\u00f6ljande bedr\u00e4gerierna och att r\u00e4tten b\u00f6r se till helheten: Motivet bakom mordet sl\u00e5s fast som ekonomiskt och drivet av den misst\u00e4nktes sv\u00e5ra spelberoende. <\/p>\n<p>Styckningen \u00e4r det brutalaste i Sverige p\u00e5 27 \u00e5r enligt r\u00e4ttsl\u00e4kare \u2013 h\u00f6r mer i klippet.<\/p>\n<p>S\u00e4ger att en tredje person ligger bakom styckningen <\/p>\n<p>Under slutpl\u00e4deringen \u00e4gnades ocks\u00e5 en inte oansenlig del till att rada upp all den bevisning som talar mot den misst\u00e4nktes version av det intr\u00e4ffade, att en \u201dMohammad\u201d ska ha beg\u00e5tt alla g\u00e4rningarna i hans l\u00e4genhet. Sj\u00e4lv har han hela tiden nekat till brott.<\/p>\n<p>\u00c5klagaren yrkar \u00e4ven p\u00e5 att mannen utvisas fr\u00e5n Sverige utan m\u00f6jlighet att \u00e5terv\u00e4nda. <\/p>\n<p>F\u00f6rsvaret att den misst\u00e4nkte frias helt<\/p>\n<p>F\u00f6rsvaret yrkar p\u00e5 att den misst\u00e4nkte frias helt eftersom man menar att det finns en alternativ g\u00e4rningsman. <\/p>\n<p>I andra hand, om tingsr\u00e4tten anser att han \u00e4r skyldig, yrkar f\u00f6rsvaret p\u00e5 att han bara ska d\u00f6mas f\u00f6r styckningen och inte f\u00f6r mordet, med motiveringen att <a href=\"https:\/\/www.svt.se\/nyheter\/lokalt\/smaland\/polisen-sokte-efter-styckade-kroppen-i-soporna-var-for-sent-ute\" rel=\"nofollow noopener\" target=\"_blank\">d\u00f6dsorsaken<\/a> inte kunnat fastst\u00e4llas.<\/p>\n<p>Tingsr\u00e4tten meddelade under fredagseftermiddagen att dom kommer den 16 januari och att den \u00e5talade ska bli kvar i h\u00e4ktet tills dess.<\/p>\n","protected":false},"excerpt":{"rendered":"P\u00e5 fredagen var sista r\u00e4tteg\u00e5ngsdagen efter det misst\u00e4nkta styckmordet i Oskarshamn. B\u00e5de \u00e5klagare och f\u00f6rsvarare h\u00f6ll sina slutpl\u00e4deringar&hellip;\n","protected":false},"author":2,"featured_media":111387,"comment_status":"","ping_status":"","sticky":false,"template":"","format":"standard","meta":{"footnotes":""},"categories":[12],"tags":[22,23,26,27,17,21,24,25,28,29,15,16,18,34,31,33,32,30,19,20],"class_list":{"0":"post-111386","1":"post","2":"type-post","3":"status-publish","4":"format-standard","5":"has-post-thumbnail","7":"category-sverige","8":"tag-breaking-news","9":"tag-breakingnews","10":"tag-featured-news","11":"tag-featurednews","12":"tag-headlines","13":"tag-huvudnyheter","14":"tag-latest-news","15":"tag-latestnews","16":"tag-main-news","17":"tag-mainnews","18":"tag-news","19":"tag-nyheter","20":"tag-rubriker","21":"tag-se","22":"tag-svenska","23":"tag-sverige","24":"tag-sweden","25":"tag-swedish","26":"tag-top-stories","27":"tag-topstories"},"share_on_mastodon":{"url":"https:\/\/pubeurope.com\/@se\/115747286200276113","error":""},"_links":{"self":[{"href":"https:\/\/www.europesays.com\/se\/wp-json\/wp\/v2\/posts\/111386","targetHints":{"allow":["GET"]}}],"collection":[{"href":"https:\/\/www.europesays.com\/se\/wp-json\/wp\/v2\/posts"}],"about":[{"href":"https:\/\/www.europesays.com\/se\/wp-json\/wp\/v2\/types\/post"}],"author":[{"embeddable":true,"href":"https:\/\/www.europesays.com\/se\/wp-json\/wp\/v2\/users\/2"}],"replies":[{"embeddable":true,"href":"https:\/\/www.europesays.com\/se\/wp-json\/wp\/v2\/comments?post=111386"}],"version-history":[{"count":0,"href":"https:\/\/www.europesays.com\/se\/wp-json\/wp\/v2\/posts\/111386\/revisions"}],"wp:featuredmedia":[{"embeddable":true,"href":"https:\/\/www.europesays.com\/se\/wp-json\/wp\/v2\/media\/111387"}],"wp:attachment":[{"href":"https:\/\/www.europesays.com\/se\/wp-json\/wp\/v2\/media?parent=111386"}],"wp:term":[{"taxonomy":"category","embeddable":true,"href":"https:\/\/www.europesays.com\/se\/wp-json\/wp\/v2\/categories?post=111386"},{"taxonomy":"post_tag","embeddable":true,"href":"https:\/\/www.europesays.com\/se\/wp-json\/wp\/v2\/tags?post=111386"}],"curies":[{"name":"wp","href":"https:\/\/api.w.org\/{rel}","templated":true}]}}