{"id":111388,"date":"2025-12-19T16:56:20","date_gmt":"2025-12-19T16:56:20","guid":{"rendered":"https:\/\/www.europesays.com\/se\/111388\/"},"modified":"2025-12-19T16:56:20","modified_gmt":"2025-12-19T16:56:20","slug":"va-och-avfallstaxan-for-2026-ar-beslutad","status":"publish","type":"post","link":"https:\/\/www.europesays.com\/se\/111388\/","title":{"rendered":"VA- och avfallstaxan f\u00f6r 2026 \u00e4r beslutad"},"content":{"rendered":"<p class=\"normal\">F\u00f6r 2026 kommer avfallsverksamheten att anv\u00e4nda 2 miljoner som blivit \u00f6verskott under 2025 och beh\u00f6ver d\u00e4rf\u00f6r inte h\u00f6ja avgifterna lika mycket. Taxan f\u00f6r matavfallet s\u00e4nks med 5% eftersom kostnaderna har minskat nu n\u00e4r vi levererar det till biogasbolaget.<\/p>\n<p class=\"normal\">D\u00e4remot f\u00e5r vi \u00f6kade kostnader f\u00f6r v\u00e5ra \u00e5tervinningscentraler, bland annat p\u00e5 grund av \u00f6kade behandlingskostnader vilket g\u00f6r att vi h\u00f6jer v\u00e5ra grundavgifter. Fastighets\u00e4gare till sm\u00e5hus, de som anv\u00e4nder \u00e5tervinningscentralerna mest, f\u00e5r den st\u00f6rsta h\u00f6jningen vilket \u00e4r 25 kr\/\u00e5r.<\/p>\n<p class=\"normal\">Kommunfullm\u00e4ktige beslutade ocks\u00e5 att h\u00f6ja taxan f\u00f6r felsorterat avfall till 330 kr.<\/p>\n<p>Gr\u00e4fs\u00e5sens avfallsanl\u00e4ggning g\u00f6r om sina priser<\/p>\n<p class=\"normal\">Gr\u00e4fs\u00e5sens avfallsanl\u00e4ggning har gjort om sina avgifter. Sj\u00e4lvkostnaden har \u00f6kat och avgifterna \u00e4r anpassade till marknadsm\u00e4ssiga priser. Det blir dyrare att l\u00e4mna de flesta avfallstyper. Men avgiften f\u00f6r utsorterad plast och planglas \u00e4r s\u00e4nkt f\u00f6r att stimulera sorteringen och d\u00e4rmed \u00f6ka \u00e5tervinningen.<\/p>\n<p>Behandlingen av slam blir dyrare<\/p>\n<p class=\"normal\">Behandlingskostnaden f\u00f6r slam fr\u00e5n enskilda avlopp \u00f6kar med 5%. Slammet inneh\u00e5ller f\u00f6roreningar som gjort det sv\u00e5rt f\u00f6r oss att ta hand om det p\u00e5 r\u00e4tt s\u00e4tt. D\u00e4rf\u00f6r kommer kostnaden \u00f6ka.<\/p>\n<p>VA-taxan b\u00e5de \u00f6kar och minskar<\/p>\n<p class=\"normal\">Till 2026 h\u00f6js vissa brukningsavgifter (den \u00e5rliga avgiften) och vissa s\u00e4nks, s\u00e5 f\u00f6r ett sm\u00e5hus medf\u00f6r det en h\u00f6jning med 13% p\u00e5 kostnaden f\u00f6r anv\u00e4nd m\u00e4ngd dricksvatten medan avgifterna f\u00f6r dagvatten s\u00e4nks eftersom det \u00e4r fler som delar p\u00e5 kostnaderna f\u00f6r dagvatten nu.<\/p>\n","protected":false},"excerpt":{"rendered":"F\u00f6r 2026 kommer avfallsverksamheten att anv\u00e4nda 2 miljoner som blivit \u00f6verskott under 2025 och beh\u00f6ver d\u00e4rf\u00f6r inte h\u00f6ja&hellip;\n","protected":false},"author":2,"featured_media":111389,"comment_status":"","ping_status":"","sticky":false,"template":"","format":"standard","meta":{"footnotes":""},"categories":[5],"tags":[4411,22,23,26,27,17,21,9581,24,25,28,29,15,16,4500,18,34,31,33,32,30,6447,12287,19,20,4413],"class_list":{"0":"post-111388","1":"post","2":"type-post","3":"status-publish","4":"format-standard","5":"has-post-thumbnail","7":"category-rubriker","8":"tag-avfall","9":"tag-breaking-news","10":"tag-breakingnews","11":"tag-featured-news","12":"tag-featurednews","13":"tag-headlines","14":"tag-huvudnyheter","15":"tag-kostnad","16":"tag-latest-news","17":"tag-latestnews","18":"tag-main-news","19":"tag-mainnews","20":"tag-news","21":"tag-nyheter","22":"tag-pengar","23":"tag-rubriker","24":"tag-se","25":"tag-svenska","26":"tag-sverige","27":"tag-sweden","28":"tag-swedish","29":"tag-taxa","30":"tag-taxor","31":"tag-top-stories","32":"tag-topstories","33":"tag-va"},"share_on_mastodon":{"url":"https:\/\/pubeurope.com\/@se\/115747290110107669","error":""},"_links":{"self":[{"href":"https:\/\/www.europesays.com\/se\/wp-json\/wp\/v2\/posts\/111388","targetHints":{"allow":["GET"]}}],"collection":[{"href":"https:\/\/www.europesays.com\/se\/wp-json\/wp\/v2\/posts"}],"about":[{"href":"https:\/\/www.europesays.com\/se\/wp-json\/wp\/v2\/types\/post"}],"author":[{"embeddable":true,"href":"https:\/\/www.europesays.com\/se\/wp-json\/wp\/v2\/users\/2"}],"replies":[{"embeddable":true,"href":"https:\/\/www.europesays.com\/se\/wp-json\/wp\/v2\/comments?post=111388"}],"version-history":[{"count":0,"href":"https:\/\/www.europesays.com\/se\/wp-json\/wp\/v2\/posts\/111388\/revisions"}],"wp:featuredmedia":[{"embeddable":true,"href":"https:\/\/www.europesays.com\/se\/wp-json\/wp\/v2\/media\/111389"}],"wp:attachment":[{"href":"https:\/\/www.europesays.com\/se\/wp-json\/wp\/v2\/media?parent=111388"}],"wp:term":[{"taxonomy":"category","embeddable":true,"href":"https:\/\/www.europesays.com\/se\/wp-json\/wp\/v2\/categories?post=111388"},{"taxonomy":"post_tag","embeddable":true,"href":"https:\/\/www.europesays.com\/se\/wp-json\/wp\/v2\/tags?post=111388"}],"curies":[{"name":"wp","href":"https:\/\/api.w.org\/{rel}","templated":true}]}}