{"id":111392,"date":"2025-12-19T17:03:48","date_gmt":"2025-12-19T17:03:48","guid":{"rendered":"https:\/\/www.europesays.com\/se\/111392\/"},"modified":"2025-12-19T17:03:48","modified_gmt":"2025-12-19T17:03:48","slug":"polis-far-sparken-for-misshandel-av-flickvannen","status":"publish","type":"post","link":"https:\/\/www.europesays.com\/se\/111392\/","title":{"rendered":"Polis f\u00e5r sparken f\u00f6r misshandel av flickv\u00e4nnen"},"content":{"rendered":"<p>En polis fr\u00e5n \u00d6rebro f\u00e5r sparken och d\u00f6ms till samh\u00e4llstj\u00e4nst f\u00f6r att ha misshandlat sin flickv\u00e4n, rapporterar Nerikes Allehanda. <\/p>\n<p>\u00d6rebro tingsr\u00e4tt v\u00e4ljer en mildare p\u00e5f\u00f6ljd \u00e4n f\u00e4ngelse d\u00e4rf\u00f6r att v\u00e5ldet p\u00e5gick under en kort tid, skriver SVT Nyheter \u00d6rebro. Mannen ska \u00e4ven betala 34\u202f000 kronor i skadest\u00e5nd. <\/p>\n<p>I fjol fick 34 svenska poliser sparken, m\u00e5nga av dem f\u00f6r olika brott, enligt Aftonbladets kartl\u00e4ggning. <\/p>\n<p>Omni \u00e4r politiskt obundna och oberoende. Vi str\u00e4var efter att ge fler perspektiv p\u00e5 nyheterna. Har du fr\u00e5gor eller synpunkter kring v\u00e5r rapportering? <a href=\"https:\/\/omni.se\/polis-far-sparken-for-misshandel-av-flickvannen\/a\/mailto:redaktion@omni.se\" class=\"ArticleActions_contactLink__W2F1M\" rel=\"nofollow noopener\" target=\"_blank\">Kontakta redaktionen<\/a><\/p>\n","protected":false},"excerpt":{"rendered":"En polis fr\u00e5n \u00d6rebro f\u00e5r sparken och d\u00f6ms till samh\u00e4llstj\u00e4nst f\u00f6r att ha misshandlat sin flickv\u00e4n, rapporterar Nerikes&hellip;\n","protected":false},"author":2,"featured_media":111393,"comment_status":"","ping_status":"","sticky":false,"template":"","format":"standard","meta":{"footnotes":""},"categories":[12],"tags":[22,23,128,26,27,17,21,24,25,28,29,15,16,1146,1147,1274,18,34,31,33,32,30,19,20],"class_list":{"0":"post-111392","1":"post","2":"type-post","3":"status-publish","4":"format-standard","5":"has-post-thumbnail","7":"category-sverige","8":"tag-breaking-news","9":"tag-breakingnews","10":"tag-brott","11":"tag-featured-news","12":"tag-featurednews","13":"tag-headlines","14":"tag-huvudnyheter","15":"tag-latest-news","16":"tag-latestnews","17":"tag-main-news","18":"tag-mainnews","19":"tag-news","20":"tag-nyheter","21":"tag-orebro","22":"tag-orebro-lan","23":"tag-polisen","24":"tag-rubriker","25":"tag-se","26":"tag-svenska","27":"tag-sverige","28":"tag-sweden","29":"tag-swedish","30":"tag-top-stories","31":"tag-topstories"},"share_on_mastodon":{"url":"https:\/\/pubeurope.com\/@se\/115747321489393320","error":""},"_links":{"self":[{"href":"https:\/\/www.europesays.com\/se\/wp-json\/wp\/v2\/posts\/111392","targetHints":{"allow":["GET"]}}],"collection":[{"href":"https:\/\/www.europesays.com\/se\/wp-json\/wp\/v2\/posts"}],"about":[{"href":"https:\/\/www.europesays.com\/se\/wp-json\/wp\/v2\/types\/post"}],"author":[{"embeddable":true,"href":"https:\/\/www.europesays.com\/se\/wp-json\/wp\/v2\/users\/2"}],"replies":[{"embeddable":true,"href":"https:\/\/www.europesays.com\/se\/wp-json\/wp\/v2\/comments?post=111392"}],"version-history":[{"count":0,"href":"https:\/\/www.europesays.com\/se\/wp-json\/wp\/v2\/posts\/111392\/revisions"}],"wp:featuredmedia":[{"embeddable":true,"href":"https:\/\/www.europesays.com\/se\/wp-json\/wp\/v2\/media\/111393"}],"wp:attachment":[{"href":"https:\/\/www.europesays.com\/se\/wp-json\/wp\/v2\/media?parent=111392"}],"wp:term":[{"taxonomy":"category","embeddable":true,"href":"https:\/\/www.europesays.com\/se\/wp-json\/wp\/v2\/categories?post=111392"},{"taxonomy":"post_tag","embeddable":true,"href":"https:\/\/www.europesays.com\/se\/wp-json\/wp\/v2\/tags?post=111392"}],"curies":[{"name":"wp","href":"https:\/\/api.w.org\/{rel}","templated":true}]}}