{"id":111397,"date":"2025-12-19T17:11:11","date_gmt":"2025-12-19T17:11:11","guid":{"rendered":"https:\/\/www.europesays.com\/se\/111397\/"},"modified":"2025-12-19T17:11:11","modified_gmt":"2025-12-19T17:11:11","slug":"kan-behova-prata-med-putin-2","status":"publish","type":"post","link":"https:\/\/www.europesays.com\/se\/111397\/","title":{"rendered":"Kan beh\u00f6va prata med Putin"},"content":{"rendered":"<p>\u2013 Antingen n\u00e5s en robust och varaktig fred med de obligatoriska s\u00e4kerhetsgarantierna eller s\u00e5 kommer vi under de kommande veckorna att beh\u00f6va hitta s\u00e4tt f\u00f6r Europa att \u00e5teruppta en dialog med Ryssland, med fullkomlig transparens och i samspr\u00e5k med Ukraina, sade Macron till reportrar i Bryssel p\u00e5 fredagen.<\/p>\n<p>Kommentaren kom sedan EU:s ledare enats om att l\u00e5na ut 90 miljarder euro till Ukraina, ett steg tillbaka j\u00e4mf\u00f6rt med f\u00f6rslaget om att anv\u00e4nda frysta ryska tillg\u00e5ngar f\u00f6r att finansiera l\u00e5net.<\/p>\n","protected":false},"excerpt":{"rendered":"\u2013 Antingen n\u00e5s en robust och varaktig fred med de obligatoriska s\u00e4kerhetsgarantierna eller s\u00e5 kommer vi under de&hellip;\n","protected":false},"author":2,"featured_media":111398,"comment_status":"","ping_status":"","sticky":false,"template":"","format":"standard","meta":{"footnotes":""},"categories":[14],"tags":[22,23,26,27,17,21,24,25,28,29,15,16,18,34,31,33,32,30,19,20,51,52,53,54],"class_list":{"0":"post-111397","1":"post","2":"type-post","3":"status-publish","4":"format-standard","5":"has-post-thumbnail","7":"category-varlden","8":"tag-breaking-news","9":"tag-breakingnews","10":"tag-featured-news","11":"tag-featurednews","12":"tag-headlines","13":"tag-huvudnyheter","14":"tag-latest-news","15":"tag-latestnews","16":"tag-main-news","17":"tag-mainnews","18":"tag-news","19":"tag-nyheter","20":"tag-rubriker","21":"tag-se","22":"tag-svenska","23":"tag-sverige","24":"tag-sweden","25":"tag-swedish","26":"tag-top-stories","27":"tag-topstories","28":"tag-varlden","29":"tag-world","30":"tag-world-news","31":"tag-worldnews"},"share_on_mastodon":{"url":"https:\/\/pubeurope.com\/@se\/115747349006581620","error":""},"_links":{"self":[{"href":"https:\/\/www.europesays.com\/se\/wp-json\/wp\/v2\/posts\/111397","targetHints":{"allow":["GET"]}}],"collection":[{"href":"https:\/\/www.europesays.com\/se\/wp-json\/wp\/v2\/posts"}],"about":[{"href":"https:\/\/www.europesays.com\/se\/wp-json\/wp\/v2\/types\/post"}],"author":[{"embeddable":true,"href":"https:\/\/www.europesays.com\/se\/wp-json\/wp\/v2\/users\/2"}],"replies":[{"embeddable":true,"href":"https:\/\/www.europesays.com\/se\/wp-json\/wp\/v2\/comments?post=111397"}],"version-history":[{"count":0,"href":"https:\/\/www.europesays.com\/se\/wp-json\/wp\/v2\/posts\/111397\/revisions"}],"wp:featuredmedia":[{"embeddable":true,"href":"https:\/\/www.europesays.com\/se\/wp-json\/wp\/v2\/media\/111398"}],"wp:attachment":[{"href":"https:\/\/www.europesays.com\/se\/wp-json\/wp\/v2\/media?parent=111397"}],"wp:term":[{"taxonomy":"category","embeddable":true,"href":"https:\/\/www.europesays.com\/se\/wp-json\/wp\/v2\/categories?post=111397"},{"taxonomy":"post_tag","embeddable":true,"href":"https:\/\/www.europesays.com\/se\/wp-json\/wp\/v2\/tags?post=111397"}],"curies":[{"name":"wp","href":"https:\/\/api.w.org\/{rel}","templated":true}]}}