{"id":111403,"date":"2025-12-19T17:20:08","date_gmt":"2025-12-19T17:20:08","guid":{"rendered":"https:\/\/www.europesays.com\/se\/111403\/"},"modified":"2025-12-19T17:20:08","modified_gmt":"2025-12-19T17:20:08","slug":"tre-man-deporterade-fran-egypten","status":"publish","type":"post","link":"https:\/\/www.europesays.com\/se\/111403\/","title":{"rendered":"Tre m\u00e4n deporterade fr\u00e5n Egypten"},"content":{"rendered":"<p class=\"preamble\">&#13;<br \/>\n            M\u00e4nnen har varit internationellt efterlysta p\u00e5 r\u00f6d Interpolnotis f\u00f6r bland annat grovt vapenbrott och mordbrand. De har gripits i Egypten och deporterats till Sverige. &#13;\n        <\/p>\n<p>M\u00e4nnen, som \u00e4r 25, 33 och 50 \u00e5r gamla, greps i Egypten i veckan och deporterades i dag. De hade d\u00e5 varit efterlysta p\u00e5 s\u00e5 kallad r\u00f6d Interpolnotis. Tv\u00e5 av dem har d\u00f6mts f\u00f6r brott i Sverige och ska avtj\u00e4na sina straff. En av dem har d\u00f6mts till fem \u00e5rs f\u00e4ngelse f\u00f6r bland annat mordbrand och grovt vapenbrott medan den andra \u00e4r d\u00f6md till f\u00e4ngelse i tv\u00e5 \u00e5r och fem m\u00e5nader f\u00f6r bland annat grovt vapenbrott. Den tredje mannen \u00e4r \u00e4nnu inte d\u00f6md men \u00e4r efterlyst f\u00f6r lagf\u00f6ring. Brottsmisstankarna mot honom r\u00f6r anstiftan till f\u00f6rs\u00f6k till mord, utpressning och narkotikabrott.<\/p>\n<p>Gripandet skedde efter ett n\u00e4ra och effektivt samarbete mellan de b\u00e5da l\u00e4ndernas polismyndigheter och \u00f6vriga motparter.\u00a0<\/p>\n<p>\u2013 Vi samverkar med allt fler l\u00e4nder f\u00f6r att f\u00e5 svenska kriminella gripna n\u00e4r de befinner sig utomlands och det \u00e4r vi mycket n\u00f6jda med. Vi \u00e4r tacksamma f\u00f6r det arbete v\u00e5ra egyptiska motparter har gjort i det h\u00e4r fallet, s\u00e4ger Stefan Hector, bitr\u00e4dande rikspolischef.<\/p>\n<p>Samarbete med m\u00e5nga l\u00e4nder<\/p>\n<p>Polisen bedriver sedan flera \u00e5r ett m\u00e5lmedvetet strategiskt arbete mot akt\u00f6rer som verkar fr\u00e5n utlandet, bland annat i Marocko, Irak, Turkiet, F\u00f6renade Arabemiraten och Spanien. S\u00e4rskilt fokus ligger p\u00e5 crime as a service, d\u00e4r g\u00e4ngtoppar best\u00e4ller v\u00e5ld och andra brott via krypterade tj\u00e4nster, samt att st\u00e4rka samarbetet med motparter i ber\u00f6rda l\u00e4nder.\u00a0<\/p>\n<p>\u2013 Det h\u00e4r \u00e4r \u00e4nnu ett exempel p\u00e5 hur internationellt samarbete \u00e4r helt avg\u00f6rande i kampen mot gr\u00e4ns\u00f6verskridande brottslighet. Det visar tydligt att v\u00e5ra gemensamma satsningar ger effekt och att kriminella inte kan r\u00e4kna med att vara s\u00e4kra n\u00e5gonstans i v\u00e4rlden, s\u00e4ger Stefan Hector.<\/p>\n<p>\u00a0<\/p>\n<p>&#13;<br \/>\n                    <strong>&#13;<br \/>\n                        Publicerad&#13;<br \/>\n                    <\/strong>&#13;<br \/>\n                    &#13;<br \/>\n                        19 december 2025 18.00&#13;<br \/>\n                    &#13;<br \/>\n                    <br \/>&#13;\n            <\/p>\n<p>        &#13;<br \/>\n    &#13;<br \/>\n    &#13;<\/p>\n","protected":false},"excerpt":{"rendered":"&#13; M\u00e4nnen har varit internationellt efterlysta p\u00e5 r\u00f6d Interpolnotis f\u00f6r bland annat grovt vapenbrott och mordbrand. De har&hellip;\n","protected":false},"author":2,"featured_media":54,"comment_status":"","ping_status":"","sticky":false,"template":"","format":"standard","meta":{"footnotes":""},"categories":[14],"tags":[22,23,26,27,17,21,24,25,28,29,15,16,18,34,31,33,32,30,19,20,51,52,53,54],"class_list":{"0":"post-111403","1":"post","2":"type-post","3":"status-publish","4":"format-standard","5":"has-post-thumbnail","7":"category-varlden","8":"tag-breaking-news","9":"tag-breakingnews","10":"tag-featured-news","11":"tag-featurednews","12":"tag-headlines","13":"tag-huvudnyheter","14":"tag-latest-news","15":"tag-latestnews","16":"tag-main-news","17":"tag-mainnews","18":"tag-news","19":"tag-nyheter","20":"tag-rubriker","21":"tag-se","22":"tag-svenska","23":"tag-sverige","24":"tag-sweden","25":"tag-swedish","26":"tag-top-stories","27":"tag-topstories","28":"tag-varlden","29":"tag-world","30":"tag-world-news","31":"tag-worldnews"},"share_on_mastodon":{"url":"https:\/\/pubeurope.com\/@se\/115747384695980929","error":""},"_links":{"self":[{"href":"https:\/\/www.europesays.com\/se\/wp-json\/wp\/v2\/posts\/111403","targetHints":{"allow":["GET"]}}],"collection":[{"href":"https:\/\/www.europesays.com\/se\/wp-json\/wp\/v2\/posts"}],"about":[{"href":"https:\/\/www.europesays.com\/se\/wp-json\/wp\/v2\/types\/post"}],"author":[{"embeddable":true,"href":"https:\/\/www.europesays.com\/se\/wp-json\/wp\/v2\/users\/2"}],"replies":[{"embeddable":true,"href":"https:\/\/www.europesays.com\/se\/wp-json\/wp\/v2\/comments?post=111403"}],"version-history":[{"count":0,"href":"https:\/\/www.europesays.com\/se\/wp-json\/wp\/v2\/posts\/111403\/revisions"}],"wp:featuredmedia":[{"embeddable":true,"href":"https:\/\/www.europesays.com\/se\/wp-json\/wp\/v2\/media\/54"}],"wp:attachment":[{"href":"https:\/\/www.europesays.com\/se\/wp-json\/wp\/v2\/media?parent=111403"}],"wp:term":[{"taxonomy":"category","embeddable":true,"href":"https:\/\/www.europesays.com\/se\/wp-json\/wp\/v2\/categories?post=111403"},{"taxonomy":"post_tag","embeddable":true,"href":"https:\/\/www.europesays.com\/se\/wp-json\/wp\/v2\/tags?post=111403"}],"curies":[{"name":"wp","href":"https:\/\/api.w.org\/{rel}","templated":true}]}}