{"id":111421,"date":"2025-12-19T17:52:10","date_gmt":"2025-12-19T17:52:10","guid":{"rendered":"https:\/\/www.europesays.com\/se\/111421\/"},"modified":"2025-12-19T17:52:10","modified_gmt":"2025-12-19T17:52:10","slug":"polens-president-till-zelenskyj-du-ar-otacksam","status":"publish","type":"post","link":"https:\/\/www.europesays.com\/se\/111421\/","title":{"rendered":"Polens president till Zelenskyj: Du \u00e4r otacksam"},"content":{"rendered":"<p>Ukraina visar bristande tacksamhet f\u00f6r Polens hj\u00e4lp. Det s\u00e4ger den polske presidenten Karol Nawrocki p\u00e5 en gemensam presstr\u00e4ff med Zelenskyj enligt AFP.<\/p>\n<p>Enligt presidenten, som tillh\u00f6r nationalkonservativa Lag och r\u00e4ttvisa, k\u00e4nner det polska folket att det m\u00e5ngfacetterade polska st\u00f6det under kriget \u201dinte uppskattats och f\u00f6rst\u00e5tts tillr\u00e4ckligt\u201d.<\/p>\n<p>\u2013 Detta f\u00f6rmedlade jag under en rak och \u00e4rlig men v\u00e4ldigt artig konversation med president Zelenskyj, s\u00e4ger han.<\/p>\n<p>Zelenskyj svarar att Ukraina alltid varit och alltid kommer att vara tacksamt gentemot Polen.<\/p>\n<p>Omni \u00e4r politiskt obundna och oberoende. Vi str\u00e4var efter att ge fler perspektiv p\u00e5 nyheterna. Har du fr\u00e5gor eller synpunkter kring v\u00e5r rapportering? <a href=\"https:\/\/omni.se\/polens-president-till-zelenskyj-du-ar-otacksam\/a\/mailto:redaktion@omni.se\" class=\"ArticleActions_contactLink__W2F1M\" rel=\"nofollow noopener\" target=\"_blank\">Kontakta redaktionen<\/a><\/p>\n","protected":false},"excerpt":{"rendered":"Ukraina visar bristande tacksamhet f\u00f6r Polens hj\u00e4lp. Det s\u00e4ger den polske presidenten Karol Nawrocki p\u00e5 en gemensam presstr\u00e4ff&hellip;\n","protected":false},"author":2,"featured_media":111422,"comment_status":"","ping_status":"","sticky":false,"template":"","format":"standard","meta":{"footnotes":""},"categories":[14],"tags":[22,23,267,26,27,17,21,12291,24,25,28,29,15,16,1912,18,269,264,34,31,33,32,30,19,20,263,51,52,53,54],"class_list":{"0":"post-111421","1":"post","2":"type-post","3":"status-publish","4":"format-standard","5":"has-post-thumbnail","7":"category-varlden","8":"tag-breaking-news","9":"tag-breakingnews","10":"tag-europa","11":"tag-featured-news","12":"tag-featurednews","13":"tag-headlines","14":"tag-huvudnyheter","15":"tag-karol-nawrocki","16":"tag-latest-news","17":"tag-latestnews","18":"tag-main-news","19":"tag-mainnews","20":"tag-news","21":"tag-nyheter","22":"tag-polen","23":"tag-rubriker","24":"tag-ryska-invasionen","25":"tag-ryssland","26":"tag-se","27":"tag-svenska","28":"tag-sverige","29":"tag-sweden","30":"tag-swedish","31":"tag-top-stories","32":"tag-topstories","33":"tag-ukraina","34":"tag-varlden","35":"tag-world","36":"tag-world-news","37":"tag-worldnews"},"share_on_mastodon":{"url":"https:\/\/pubeurope.com\/@se\/115747510650223569","error":""},"_links":{"self":[{"href":"https:\/\/www.europesays.com\/se\/wp-json\/wp\/v2\/posts\/111421","targetHints":{"allow":["GET"]}}],"collection":[{"href":"https:\/\/www.europesays.com\/se\/wp-json\/wp\/v2\/posts"}],"about":[{"href":"https:\/\/www.europesays.com\/se\/wp-json\/wp\/v2\/types\/post"}],"author":[{"embeddable":true,"href":"https:\/\/www.europesays.com\/se\/wp-json\/wp\/v2\/users\/2"}],"replies":[{"embeddable":true,"href":"https:\/\/www.europesays.com\/se\/wp-json\/wp\/v2\/comments?post=111421"}],"version-history":[{"count":0,"href":"https:\/\/www.europesays.com\/se\/wp-json\/wp\/v2\/posts\/111421\/revisions"}],"wp:featuredmedia":[{"embeddable":true,"href":"https:\/\/www.europesays.com\/se\/wp-json\/wp\/v2\/media\/111422"}],"wp:attachment":[{"href":"https:\/\/www.europesays.com\/se\/wp-json\/wp\/v2\/media?parent=111421"}],"wp:term":[{"taxonomy":"category","embeddable":true,"href":"https:\/\/www.europesays.com\/se\/wp-json\/wp\/v2\/categories?post=111421"},{"taxonomy":"post_tag","embeddable":true,"href":"https:\/\/www.europesays.com\/se\/wp-json\/wp\/v2\/tags?post=111421"}],"curies":[{"name":"wp","href":"https:\/\/api.w.org\/{rel}","templated":true}]}}