{"id":11143,"date":"2025-08-22T13:35:18","date_gmt":"2025-08-22T13:35:18","guid":{"rendered":"https:\/\/www.europesays.com\/se\/11143\/"},"modified":"2025-08-22T13:35:18","modified_gmt":"2025-08-22T13:35:18","slug":"ukrainsk-man-gripen-for-nord-stream-sprangningen","status":"publish","type":"post","link":"https:\/\/www.europesays.com\/se\/11143\/","title":{"rendered":"Ukrainsk man gripen f\u00f6r Nord Stream-spr\u00e4ngningen"},"content":{"rendered":"<p>Italiensk polis har gripit en ukrainsk man som misst\u00e4nks f\u00f6r spr\u00e4ngningen av gasledningen Nord Stream, rapporterar Der Spiegel. Han misst\u00e4nks ha samordnat spr\u00e4ngningen och \u00e4ven ha varit med p\u00e5 b\u00e5ten n\u00e4r sabotaget genomf\u00f6rdes utanf\u00f6r Bornholm. <\/p>\n<p>Mannen g\u00e5r i tyska medier under namnet Serhii K p\u00e5 grund av landets lagstiftning kring namngivning av brottsmisst\u00e4nkta. Han greps i Rimini under natten och kommer att beg\u00e4ras utl\u00e4mnad av Tyskland.<\/p>\n<p>Gasledningarna Nord Stream 1 och 2 g\u00e5r fr\u00e5n Ryssland till Tyskland l\u00e4ngs med \u00d6stersj\u00f6ns botten. I september 2022 uppt\u00e4cktes att ledningarna sprungit l\u00e4ck p\u00e5 grund av flera explosioner.<\/p>\n<p>Omni \u00e4r politiskt obundna och oberoende. Vi str\u00e4var efter att ge fler perspektiv p\u00e5 nyheterna. Har du fr\u00e5gor eller synpunkter kring v\u00e5r rapportering? <a href=\"https:\/\/omni.se\/ukrainsk-man-gripen-for-nordstream-sprangningen\/a\/mailto:redaktion@omni.se\" class=\"ArticleActions_contactLink__W2F1M\" rel=\"nofollow noopener\" target=\"_blank\">Kontakta redaktionen<\/a><\/p>\n","protected":false},"excerpt":{"rendered":"Italiensk polis har gripit en ukrainsk man som misst\u00e4nks f\u00f6r spr\u00e4ngningen av gasledningen Nord Stream, rapporterar Der Spiegel.&hellip;\n","protected":false},"author":2,"featured_media":11144,"comment_status":"","ping_status":"","sticky":false,"template":"","format":"standard","meta":{"footnotes":""},"categories":[5],"tags":[22,23,267,1149,26,27,17,21,24,25,28,29,15,1549,16,18,264,34,31,33,32,30,19,20,408,263],"class_list":{"0":"post-11143","1":"post","2":"type-post","3":"status-publish","4":"format-standard","5":"has-post-thumbnail","7":"category-rubriker","8":"tag-breaking-news","9":"tag-breakingnews","10":"tag-europa","11":"tag-faktaruta-omni","12":"tag-featured-news","13":"tag-featurednews","14":"tag-headlines","15":"tag-huvudnyheter","16":"tag-latest-news","17":"tag-latestnews","18":"tag-main-news","19":"tag-mainnews","20":"tag-news","21":"tag-nord-stream","22":"tag-nyheter","23":"tag-rubriker","24":"tag-ryssland","25":"tag-se","26":"tag-svenska","27":"tag-sverige","28":"tag-sweden","29":"tag-swedish","30":"tag-top-stories","31":"tag-topstories","32":"tag-tyskland","33":"tag-ukraina"},"share_on_mastodon":{"url":"","error":""},"_links":{"self":[{"href":"https:\/\/www.europesays.com\/se\/wp-json\/wp\/v2\/posts\/11143","targetHints":{"allow":["GET"]}}],"collection":[{"href":"https:\/\/www.europesays.com\/se\/wp-json\/wp\/v2\/posts"}],"about":[{"href":"https:\/\/www.europesays.com\/se\/wp-json\/wp\/v2\/types\/post"}],"author":[{"embeddable":true,"href":"https:\/\/www.europesays.com\/se\/wp-json\/wp\/v2\/users\/2"}],"replies":[{"embeddable":true,"href":"https:\/\/www.europesays.com\/se\/wp-json\/wp\/v2\/comments?post=11143"}],"version-history":[{"count":0,"href":"https:\/\/www.europesays.com\/se\/wp-json\/wp\/v2\/posts\/11143\/revisions"}],"wp:featuredmedia":[{"embeddable":true,"href":"https:\/\/www.europesays.com\/se\/wp-json\/wp\/v2\/media\/11144"}],"wp:attachment":[{"href":"https:\/\/www.europesays.com\/se\/wp-json\/wp\/v2\/media?parent=11143"}],"wp:term":[{"taxonomy":"category","embeddable":true,"href":"https:\/\/www.europesays.com\/se\/wp-json\/wp\/v2\/categories?post=11143"},{"taxonomy":"post_tag","embeddable":true,"href":"https:\/\/www.europesays.com\/se\/wp-json\/wp\/v2\/tags?post=11143"}],"curies":[{"name":"wp","href":"https:\/\/api.w.org\/{rel}","templated":true}]}}