{"id":111459,"date":"2025-12-19T18:49:10","date_gmt":"2025-12-19T18:49:10","guid":{"rendered":"https:\/\/www.europesays.com\/se\/111459\/"},"modified":"2025-12-19T18:49:10","modified_gmt":"2025-12-19T18:49:10","slug":"direkt-kriget-i-ukraina-ukraina-inleder-ny-forhandlingsrunda-med-usa","status":"publish","type":"post","link":"https:\/\/www.europesays.com\/se\/111459\/","title":{"rendered":"Direkt \u2013 Kriget i Ukraina \u2013 Ukraina inleder ny f\u00f6rhandlingsrunda med USA"},"content":{"rendered":"<p>Den nyutvecklade ryska hypersoniska ballistiska roboten Oresjnik \u00e4r p\u00e5 plats i Belarus, uppger landets president Aleksandr Lukasjenko.<\/p>\n<p>\u2013 Oresjnik har varit i Belarus sedan i g\u00e5r. Den \u00e4r stridsklar, s\u00e4ger Lukasjenko i ett tal p\u00e5 torsdagen.<\/p>\n<p>Den hypersoniska (fem g\u00e5nger eller mer \u00f6ver ljudets hastighet) roboten anv\u00e4ndes f\u00f6rsta g\u00e5ngen skarpt i samband med ett anfall mot den ukrainska staden Dnipro i fjol.<\/p>\n<p>Rysslands president Vladimir Putin uppgav i somras att roboten, som har kapacitet att b\u00e4ra k\u00e4rnvapen, hade g\u00e5tt in i serieproduktion.<\/p>\n<p>Hastigheten och man\u00f6vrerbarheten g\u00f6r roboten sv\u00e5r att skjuta ned.<\/p>\n<p>Den forna sovjetrepubliken Belarus \u00e4r n\u00e4ra allierad med Ryssland och anv\u00e4ndes som utg\u00e5ngspunkt vid den storskaliga invasionen av Ukraina i februari 2022.<\/p>\n","protected":false},"excerpt":{"rendered":"Den nyutvecklade ryska hypersoniska ballistiska roboten Oresjnik \u00e4r p\u00e5 plats i Belarus, uppger landets president Aleksandr Lukasjenko. \u2013&hellip;\n","protected":false},"author":2,"featured_media":14013,"comment_status":"","ping_status":"","sticky":false,"template":"","format":"standard","meta":{"footnotes":""},"categories":[14],"tags":[22,23,26,27,17,21,24,25,28,29,15,16,18,34,31,33,32,30,19,20,51,52,53,54],"class_list":{"0":"post-111459","1":"post","2":"type-post","3":"status-publish","4":"format-standard","5":"has-post-thumbnail","7":"category-varlden","8":"tag-breaking-news","9":"tag-breakingnews","10":"tag-featured-news","11":"tag-featurednews","12":"tag-headlines","13":"tag-huvudnyheter","14":"tag-latest-news","15":"tag-latestnews","16":"tag-main-news","17":"tag-mainnews","18":"tag-news","19":"tag-nyheter","20":"tag-rubriker","21":"tag-se","22":"tag-svenska","23":"tag-sverige","24":"tag-sweden","25":"tag-swedish","26":"tag-top-stories","27":"tag-topstories","28":"tag-varlden","29":"tag-world","30":"tag-world-news","31":"tag-worldnews"},"share_on_mastodon":{"url":"https:\/\/pubeurope.com\/@se\/115747734502460909","error":""},"_links":{"self":[{"href":"https:\/\/www.europesays.com\/se\/wp-json\/wp\/v2\/posts\/111459","targetHints":{"allow":["GET"]}}],"collection":[{"href":"https:\/\/www.europesays.com\/se\/wp-json\/wp\/v2\/posts"}],"about":[{"href":"https:\/\/www.europesays.com\/se\/wp-json\/wp\/v2\/types\/post"}],"author":[{"embeddable":true,"href":"https:\/\/www.europesays.com\/se\/wp-json\/wp\/v2\/users\/2"}],"replies":[{"embeddable":true,"href":"https:\/\/www.europesays.com\/se\/wp-json\/wp\/v2\/comments?post=111459"}],"version-history":[{"count":0,"href":"https:\/\/www.europesays.com\/se\/wp-json\/wp\/v2\/posts\/111459\/revisions"}],"wp:featuredmedia":[{"embeddable":true,"href":"https:\/\/www.europesays.com\/se\/wp-json\/wp\/v2\/media\/14013"}],"wp:attachment":[{"href":"https:\/\/www.europesays.com\/se\/wp-json\/wp\/v2\/media?parent=111459"}],"wp:term":[{"taxonomy":"category","embeddable":true,"href":"https:\/\/www.europesays.com\/se\/wp-json\/wp\/v2\/categories?post=111459"},{"taxonomy":"post_tag","embeddable":true,"href":"https:\/\/www.europesays.com\/se\/wp-json\/wp\/v2\/tags?post=111459"}],"curies":[{"name":"wp","href":"https:\/\/api.w.org\/{rel}","templated":true}]}}