{"id":111460,"date":"2025-12-19T18:50:19","date_gmt":"2025-12-19T18:50:19","guid":{"rendered":"https:\/\/www.europesays.com\/se\/111460\/"},"modified":"2025-12-19T18:50:19","modified_gmt":"2025-12-19T18:50:19","slug":"lansstyrelsen-sager-nej-till-gruva-ostersunds-posten","status":"publish","type":"post","link":"https:\/\/www.europesays.com\/se\/111460\/","title":{"rendered":"L\u00e4nsstyrelsen s\u00e4ger nej till gruva &#8211; \u00d6stersunds-Posten"},"content":{"rendered":"<ol>\n<li><a href=\"https:\/\/news.google.com\/rss\/articles\/CBMickFVX3lxTFBrQ3Bwb1ZtYlhqS3FWMHZKc3N5alJIbXVzZlZUaGlDOUFiY2haQkNnbHBtUHJCMTlQQmUxZEIxeVlCX1FiSFRPRTBCRUZhNUlFTHNQbFhSQkg4elEtSEN0U2xfQUtSMUtwVnVMN3NOQnltZw?oc=5\" target=\"_blank\" rel=\"nofollow noopener\">L\u00e4nsstyrelsen s\u00e4ger nej till gruva<\/a>&nbsp;&nbsp;\u00d6stersunds-Posten<\/li>\n<li><a href=\"https:\/\/news.google.com\/rss\/articles\/CBMikAFBVV95cUxQSVU5eE1qaTFoVWctTms5U1hBN292YTNRX2szYXVWNVNFZllNaWZ5Wl9rMWwtS2ZLelVndUVqV3RUdnp5MFFCeThKWE5mRTJLU3k3QkFLTndPZVhJaEVYV2VYdnhCM21HT0VHOGdLUlZOQU1vOE55OGNQVF9CRnhfNWU3ZEFuYzIwVGNsYUNWU18?oc=5\" target=\"_blank\" rel=\"nofollow noopener\">L\u00e4nsstyrelsen: Vi avr\u00e5der fr\u00e5n gruva i Oviken<\/a>&nbsp;&nbsp;SVT Nyheter<\/li>\n<li><a href=\"https:\/\/news.google.com\/rss\/articles\/CBMihwFBVV95cUxPbVVSOTJreTh0SDhRWlJKSDBjUWhGaXFrb2poczJFVTdwb3UwQ0RsM2VTSFVTTWJNM2QyY3RGYU1XOTdjUHBxV05rYVBFeURUMUZHOTBITzVKT1BIbmg3UmtBSF96RHJvd3lRVWQxeVhDMXh1X1dnbjNPQ1hzSlk3NjByay0wY2s?oc=5\" target=\"_blank\" rel=\"nofollow noopener\">Nyheter fr\u00e5n dagen: 19 december<\/a>&nbsp;&nbsp;SVT Nyheter<\/li>\n<li><a href=\"https:\/\/news.google.com\/rss\/articles\/CBMilAFBVV95cUxNQ2Q0OGtUM2FUYi1ZRElpYjhGdm5fVHh6Q0pkajRMeURnWVpqZGV2eW9xUS1NZWx5TGJqYzU2ejJnbUwwY2xtSzFWaTZ5S08taUJQRVp0bHNnVnd3TEtmTkVWSEo0bTVXSy1aemFGcGozODFoOUdPbGM3ZURqdUdzREhzeDBpSnFsa3Bsb3VqRnFMNUkw?oc=5\" target=\"_blank\" rel=\"nofollow noopener\">Avr\u00e5der gruvdrift vid H\u00e4gg\u00e5n \u2013 kan p\u00e5verka dricksvatten<\/a>&nbsp;&nbsp;Sveriges Radio<\/li>\n<li><a href=\"https:\/\/news.google.com\/rss\/articles\/CBMinwFBVV95cUxNZDV5STZoOFZ0YkNVQkZ1cEZBWThQcFBsLTh3OTJBX0NGSy1mTG9HMVg0RjY3RGUyeG9aYjQ1R0ljaUVXY2Fra3l4TTNZTFdEd1dkdm9tX3ZyRkYwMjNwQmo5RThHQjhmaExkM0pHRlFQbmN0X1o4bThudTU3UmVvMnQ1NEM0X3FrM0dVNk5ycFVBZW52WHc3emMyX0Uxbjg?oc=5\" target=\"_blank\" rel=\"nofollow noopener\">De g\u00f6r en Live Aid mot gruvplaner i l\u00e4net: \u201dJanne Schaffer ringde mig\u201d<\/a>&nbsp;&nbsp;ltz.se<\/li>\n<\/ol>\n","protected":false},"excerpt":{"rendered":"L\u00e4nsstyrelsen s\u00e4ger nej till gruva&nbsp;&nbsp;\u00d6stersunds-Posten L\u00e4nsstyrelsen: Vi avr\u00e5der fr\u00e5n gruva i Oviken&nbsp;&nbsp;SVT Nyheter Nyheter fr\u00e5n dagen: 19 december&nbsp;&nbsp;SVT&hellip;\n","protected":false},"author":2,"featured_media":111461,"comment_status":"","ping_status":"","sticky":false,"template":"","format":"standard","meta":{"footnotes":""},"categories":[12],"tags":[22,23,26,27,17,21,24,25,28,29,15,16,18,34,31,33,32,30,19,20],"class_list":{"0":"post-111460","1":"post","2":"type-post","3":"status-publish","4":"format-standard","5":"has-post-thumbnail","7":"category-sverige","8":"tag-breaking-news","9":"tag-breakingnews","10":"tag-featured-news","11":"tag-featurednews","12":"tag-headlines","13":"tag-huvudnyheter","14":"tag-latest-news","15":"tag-latestnews","16":"tag-main-news","17":"tag-mainnews","18":"tag-news","19":"tag-nyheter","20":"tag-rubriker","21":"tag-se","22":"tag-svenska","23":"tag-sverige","24":"tag-sweden","25":"tag-swedish","26":"tag-top-stories","27":"tag-topstories"},"share_on_mastodon":{"url":"https:\/\/pubeurope.com\/@se\/115747738277845589","error":""},"_links":{"self":[{"href":"https:\/\/www.europesays.com\/se\/wp-json\/wp\/v2\/posts\/111460","targetHints":{"allow":["GET"]}}],"collection":[{"href":"https:\/\/www.europesays.com\/se\/wp-json\/wp\/v2\/posts"}],"about":[{"href":"https:\/\/www.europesays.com\/se\/wp-json\/wp\/v2\/types\/post"}],"author":[{"embeddable":true,"href":"https:\/\/www.europesays.com\/se\/wp-json\/wp\/v2\/users\/2"}],"replies":[{"embeddable":true,"href":"https:\/\/www.europesays.com\/se\/wp-json\/wp\/v2\/comments?post=111460"}],"version-history":[{"count":0,"href":"https:\/\/www.europesays.com\/se\/wp-json\/wp\/v2\/posts\/111460\/revisions"}],"wp:featuredmedia":[{"embeddable":true,"href":"https:\/\/www.europesays.com\/se\/wp-json\/wp\/v2\/media\/111461"}],"wp:attachment":[{"href":"https:\/\/www.europesays.com\/se\/wp-json\/wp\/v2\/media?parent=111460"}],"wp:term":[{"taxonomy":"category","embeddable":true,"href":"https:\/\/www.europesays.com\/se\/wp-json\/wp\/v2\/categories?post=111460"},{"taxonomy":"post_tag","embeddable":true,"href":"https:\/\/www.europesays.com\/se\/wp-json\/wp\/v2\/tags?post=111460"}],"curies":[{"name":"wp","href":"https:\/\/api.w.org\/{rel}","templated":true}]}}