{"id":111493,"date":"2025-12-19T19:35:13","date_gmt":"2025-12-19T19:35:13","guid":{"rendered":"https:\/\/www.europesays.com\/se\/111493\/"},"modified":"2025-12-19T19:35:13","modified_gmt":"2025-12-19T19:35:13","slug":"migrationsministern-valdtar-man-manniskor-ska-man-ut-ur-sverige-aftonbladet","status":"publish","type":"post","link":"https:\/\/www.europesays.com\/se\/111493\/","title":{"rendered":"Migrationsministern: \u201dV\u00e5ldtar man m\u00e4nniskor ska man ut ur Sverige\u201d &#8211; Aftonbladet"},"content":{"rendered":"<ol>\n<li><a href=\"https:\/\/news.google.com\/rss\/articles\/CBMingFBVV95cUxQZG5HSFhEUjM2czVwR1lpb01VV0xsdjNELUtLMGVQek5kUkNFUmJ5QXJ0QklrX0dQSXNvTVNDby1YcmdrXy10bk1oZXNac0tzdVZvRlpaaGV1UG4zcVkybUlCNi0wbzE2REFoY0lmcFRMMEJhMjRjQzktNHE4ZFRPQklZa19EQnBPazE0YUNFeUhKN1hNS3BBSEJJcEN4Zw?oc=5\" target=\"_blank\" rel=\"nofollow noopener\">Migrationsministern: \u201dV\u00e5ldtar man m\u00e4nniskor ska man ut ur Sverige\u201d<\/a>&nbsp;&nbsp;Aftonbladet<\/li>\n<li><a href=\"https:\/\/news.google.com\/rss\/articles\/CBMiowFBVV95cUxNV055empEN25WbzFkMDlvRlBOWFlETnJXV0xHTXhkNldQRTVXWHgyblh2Z3VJaUpMWjBfSVI1SFlYSGlqRHh1UElrVWVZQmNPQWE5ZmRpb0Uxc0lZUUNsMGFFR3E3a1VySlZIaWhMWHd6OGlEanVBRTNsZTdIS1ZYVTFkaGFNUXNSRTMwcWsxcWh1NGhyWEd1cE5iQ01KeUUxUEN3?oc=5\" target=\"_blank\" rel=\"nofollow noopener\">Kristerssons ord om v\u00e5ldt\u00e4kten: Groteskt, fruktansv\u00e4rt, vidrigt<\/a>&nbsp;&nbsp;Aftonbladet<\/li>\n<li><a href=\"https:\/\/news.google.com\/rss\/articles\/CBMihwFBVV95cUxQQ1J6YmNET3o3TVpkWUVXZ3ZFaVd5U0JvZVFOZGlVcW1sSjNock5kVnRoZVc5YkFuYzA0WjRTVTJOWmVzQlpHbTZUdlhhazl2cTBNMmJMSVo3R1N6ZXJuR1pRYVBZeVhpMERiZnFubUJXYS16Z0VJZVpWUVQwZFFOelZWaTlGcXM?oc=5\" target=\"_blank\" rel=\"nofollow noopener\">M\u00e4nnen som v\u00e5ldtar i \u00e4ldrev\u00e5rden: \u201dGigantiskt m\u00f6rkertal\u201d<\/a>&nbsp;&nbsp;Expressen<\/li>\n<li><a href=\"https:\/\/news.google.com\/rss\/articles\/CBMixAFBVV95cUxOV2NmaGNqekRwbmZZenpzRDFpanFwdERrVFVlRzVCaUxTOXIxLXpsdk9rXzhpcEluRVhYSFVJbmZQYVhUUWJwWXJnRjN5UXRwcGdlYUpPcmdyZG9nb2NURFF4MG1hUW55Tjg3NHFudFdsLUlwbnRzcF9fa2ZVSVlfTnhNdWxQZlZ5cXhRVWlTUXd2WVhqZHBMUjVFRkl5QmxkYU9qVjRWcWFMT3FycHlKM0hqY0F2VVoxczAtNDNEbTNCWUh1?oc=5\" target=\"_blank\" rel=\"nofollow noopener\">Stockholms stad polisanm\u00e4lde inte v\u00e5ldt\u00e4kten mot 100-\u00e5ringen: \u201dN\u00e5got vi ska titta p\u00e5\u201d<\/a>&nbsp;&nbsp;SVT Nyheter<\/li>\n<li><a href=\"https:\/\/news.google.com\/rss\/articles\/CBMic0FVX3lxTE43Ykh6bXVMLTY1VVgwVFk0NjJhMGctTHhER3dkdVMwbjRsajg4Y0ZnQzhrOFp5ZzRoOENwLVZvbmVldVpEdHJBOXJDSXFybXk4NVIyN3g3UzA3eFVnNEdUUHdZTGZCQlMxN0JjR3hkcDJOdDg?oc=5\" target=\"_blank\" rel=\"nofollow noopener\">100-\u00e5rig kvinna blev v\u00e5ldtagen<\/a>&nbsp;&nbsp;8 Sidor<\/li>\n<\/ol>\n","protected":false},"excerpt":{"rendered":"Migrationsministern: \u201dV\u00e5ldtar man m\u00e4nniskor ska man ut ur Sverige\u201d&nbsp;&nbsp;Aftonbladet Kristerssons ord om v\u00e5ldt\u00e4kten: Groteskt, fruktansv\u00e4rt, vidrigt&nbsp;&nbsp;Aftonbladet M\u00e4nnen som&hellip;\n","protected":false},"author":2,"featured_media":111494,"comment_status":"","ping_status":"","sticky":false,"template":"","format":"standard","meta":{"footnotes":""},"categories":[5],"tags":[22,23,26,27,17,21,24,25,28,29,15,16,18,34,31,33,32,30,19,20],"class_list":{"0":"post-111493","1":"post","2":"type-post","3":"status-publish","4":"format-standard","5":"has-post-thumbnail","7":"category-rubriker","8":"tag-breaking-news","9":"tag-breakingnews","10":"tag-featured-news","11":"tag-featurednews","12":"tag-headlines","13":"tag-huvudnyheter","14":"tag-latest-news","15":"tag-latestnews","16":"tag-main-news","17":"tag-mainnews","18":"tag-news","19":"tag-nyheter","20":"tag-rubriker","21":"tag-se","22":"tag-svenska","23":"tag-sverige","24":"tag-sweden","25":"tag-swedish","26":"tag-top-stories","27":"tag-topstories"},"share_on_mastodon":{"url":"https:\/\/pubeurope.com\/@se\/115747915246190308","error":""},"_links":{"self":[{"href":"https:\/\/www.europesays.com\/se\/wp-json\/wp\/v2\/posts\/111493","targetHints":{"allow":["GET"]}}],"collection":[{"href":"https:\/\/www.europesays.com\/se\/wp-json\/wp\/v2\/posts"}],"about":[{"href":"https:\/\/www.europesays.com\/se\/wp-json\/wp\/v2\/types\/post"}],"author":[{"embeddable":true,"href":"https:\/\/www.europesays.com\/se\/wp-json\/wp\/v2\/users\/2"}],"replies":[{"embeddable":true,"href":"https:\/\/www.europesays.com\/se\/wp-json\/wp\/v2\/comments?post=111493"}],"version-history":[{"count":0,"href":"https:\/\/www.europesays.com\/se\/wp-json\/wp\/v2\/posts\/111493\/revisions"}],"wp:featuredmedia":[{"embeddable":true,"href":"https:\/\/www.europesays.com\/se\/wp-json\/wp\/v2\/media\/111494"}],"wp:attachment":[{"href":"https:\/\/www.europesays.com\/se\/wp-json\/wp\/v2\/media?parent=111493"}],"wp:term":[{"taxonomy":"category","embeddable":true,"href":"https:\/\/www.europesays.com\/se\/wp-json\/wp\/v2\/categories?post=111493"},{"taxonomy":"post_tag","embeddable":true,"href":"https:\/\/www.europesays.com\/se\/wp-json\/wp\/v2\/tags?post=111493"}],"curies":[{"name":"wp","href":"https:\/\/api.w.org\/{rel}","templated":true}]}}