{"id":111501,"date":"2025-12-19T19:44:08","date_gmt":"2025-12-19T19:44:08","guid":{"rendered":"https:\/\/www.europesays.com\/se\/111501\/"},"modified":"2025-12-19T19:44:08","modified_gmt":"2025-12-19T19:44:08","slug":"finsk-supertalang-stoppas-fran-jvm-nara-en-plats-i-nhl","status":"publish","type":"post","link":"https:\/\/www.europesays.com\/se\/111501\/","title":{"rendered":"Finsk supertalang stoppas fr\u00e5n JVM: &#8221;N\u00e4ra en plats i NHL&#8221;"},"content":{"rendered":"<p><strong>Konsta Helenius, 19, har redan spelat tv\u00e5 JVM.<br \/>Men det blir inget tredje.<br \/>Buffalo Sabres ber\u00e4ttar p\u00e5 fredagen att man s\u00e4tter stopp f\u00f6r supertalangens medverkan.<\/strong><\/p>\n<p><img loading=\"lazy\" decoding=\"async\" width=\"1024\" height=\"682\" src=\"https:\/\/www.europesays.com\/se\/wp-content\/uploads\/2025\/12\/BB250105MB153-1024x682.webp.webp\" alt=\"\" class=\"wp-image-338114\"  \/>Konsta Helenius f\u00e5r inte spela ett tredje JVM med sitt Finland.<br \/>\nFoto: Mathias Bergeld \/ BILDBYR\u00c5N \/ kod MB \/ MB1049<\/p>\n<p>Finland f\u00f6rbereder sig inf\u00f6r <a href=\"https:\/\/hockeysverige.se\/junior-vm\" rel=\"nofollow noopener\" target=\"_blank\">JVM<\/a> i Minnesota, USA. Men nu har man f\u00e5tt ett tungt nej, fr\u00e5n <a href=\"https:\/\/hockeysverige.se\/nhl\" rel=\"nofollow noopener\" target=\"_blank\">NHL<\/a>-klubben <a href=\"https:\/\/hockeysverige.se\/klubb\/buffalo-sabres\" rel=\"nofollow noopener\" target=\"_blank\">Buffalo Sabres<\/a>. <\/p>\n<p>Enligt den finl\u00e4ndska nyhetssajten <a href=\"https:\/\/kiekkouutiset.fi\/nhl\/jarmo-kekalaiselta-paljastus-konsta-heleniuksen-mm-matkasta\/\" rel=\"nofollow noopener\" target=\"_blank\">Kiekko Uutiset<\/a> har nu Buffalos GM Jarmo Kek\u00e4l\u00e4inen bekr\u00e4ftat att <a href=\"https:\/\/hockeysverige.se\/spelare\/konsta-helenius\" rel=\"nofollow noopener\" target=\"_blank\">Konsta Helenius<\/a> stannar i Buffalos organisation under turneringen.<\/p>\n<p>N\u00e5got som inneb\u00e4r en stor sm\u00e4ll f\u00f6r Finland inf\u00f6r JVM.<\/p>\n<p>\u2013\u00a0Vi har beslutat att Helenius forts\u00e4tter hos oss och inte kommer att delta i JVM, s\u00e4ger han enligt tidningen.<\/p>\n<p>F\u00f6rlorar toppcentern: \u201dN\u00e4ra en plats i NHL\u201d<\/p>\n<p>Anledningen ska vara att han har en viktig roll i AHL med Rochester Americans och beh\u00f6vs i laget under perioden som turneringen p\u00e5g\u00e5r.<\/p>\n<p>\u2013\u00a0Han \u00e4r verkligen n\u00e4ra en plats i NHL och han har f\u00e5tt spela m\u00e5nga och viktiga minuter i stora roller h\u00e4r, s\u00e4ger Kek\u00e4l\u00e4inen vidare.<\/p>\n<p>Konsta Helenius, 19, har spelat tv\u00e5 JVM och varit med och tagit silver. Han v\u00e4ntades ta nyckelrollen som f\u00f6rstacenter i turneringen.<\/p>\n","protected":false},"excerpt":{"rendered":"Konsta Helenius, 19, har redan spelat tv\u00e5 JVM.Men det blir inget tredje.Buffalo Sabres ber\u00e4ttar p\u00e5 fredagen att man&hellip;\n","protected":false},"author":2,"featured_media":111502,"comment_status":"","ping_status":"","sticky":false,"template":"","format":"standard","meta":{"footnotes":""},"categories":[5],"tags":[22,23,26,27,17,21,6611,24,25,28,29,15,16,18,34,133,31,33,32,30,19,20],"class_list":{"0":"post-111501","1":"post","2":"type-post","3":"status-publish","4":"format-standard","5":"has-post-thumbnail","7":"category-rubriker","8":"tag-breaking-news","9":"tag-breakingnews","10":"tag-featured-news","11":"tag-featurednews","12":"tag-headlines","13":"tag-huvudnyheter","14":"tag-junior-vm","15":"tag-latest-news","16":"tag-latestnews","17":"tag-main-news","18":"tag-mainnews","19":"tag-news","20":"tag-nyheter","21":"tag-rubriker","22":"tag-se","23":"tag-second-news","24":"tag-svenska","25":"tag-sverige","26":"tag-sweden","27":"tag-swedish","28":"tag-top-stories","29":"tag-topstories"},"share_on_mastodon":{"url":"https:\/\/pubeurope.com\/@se\/115747950877409449","error":""},"_links":{"self":[{"href":"https:\/\/www.europesays.com\/se\/wp-json\/wp\/v2\/posts\/111501","targetHints":{"allow":["GET"]}}],"collection":[{"href":"https:\/\/www.europesays.com\/se\/wp-json\/wp\/v2\/posts"}],"about":[{"href":"https:\/\/www.europesays.com\/se\/wp-json\/wp\/v2\/types\/post"}],"author":[{"embeddable":true,"href":"https:\/\/www.europesays.com\/se\/wp-json\/wp\/v2\/users\/2"}],"replies":[{"embeddable":true,"href":"https:\/\/www.europesays.com\/se\/wp-json\/wp\/v2\/comments?post=111501"}],"version-history":[{"count":0,"href":"https:\/\/www.europesays.com\/se\/wp-json\/wp\/v2\/posts\/111501\/revisions"}],"wp:featuredmedia":[{"embeddable":true,"href":"https:\/\/www.europesays.com\/se\/wp-json\/wp\/v2\/media\/111502"}],"wp:attachment":[{"href":"https:\/\/www.europesays.com\/se\/wp-json\/wp\/v2\/media?parent=111501"}],"wp:term":[{"taxonomy":"category","embeddable":true,"href":"https:\/\/www.europesays.com\/se\/wp-json\/wp\/v2\/categories?post=111501"},{"taxonomy":"post_tag","embeddable":true,"href":"https:\/\/www.europesays.com\/se\/wp-json\/wp\/v2\/tags?post=111501"}],"curies":[{"name":"wp","href":"https:\/\/api.w.org\/{rel}","templated":true}]}}