{"id":111507,"date":"2025-12-19T19:52:13","date_gmt":"2025-12-19T19:52:13","guid":{"rendered":"https:\/\/www.europesays.com\/se\/111507\/"},"modified":"2025-12-19T19:52:13","modified_gmt":"2025-12-19T19:52:13","slug":"sopproblem-i-brunnsbo-i-goteborg-hyresgaster-kastar-ut-skrap","status":"publish","type":"post","link":"https:\/\/www.europesays.com\/se\/111507\/","title":{"rendered":"Sopproblem i Brunnsbo i G\u00f6teborg \u2013 hyresg\u00e4ster kastar ut skr\u00e4p"},"content":{"rendered":"<p>Publicerad 19 dec 2025 kl 14.24Uppdaterad kl 15.45<\/p>\n<p>Bostadsbolaget i Brunnsbo i G\u00f6teborg har st\u00f6tt p\u00e5 ett udda problem.<\/p>\n<p>Boende sl\u00e4nger ut sina sopor genom f\u00f6nstren.<\/p>\n<p>Nu g\u00e5r de ut med en v\u00e4djan i omr\u00e5det.<\/p>\n<p>Senaste nyhetsklippen fr\u00e5n Expressen.<img   alt=\"\"\/><\/p>\n<p>En stol hade kastats ut fr\u00e5n en l\u00e4genhet och fastnat i tr\u00e4det.<\/p>\n<p>Foto: Bostadsbolaget<\/p>\n<p>\u00d6ppna bild i helsk\u00e4rm<img loading=\"lazy\"   alt=\"\"\/><\/p>\n<p>Bostadsbolaget satte upp lappar i omr\u00e5det f\u00f6r att p\u00e5minna om reglerna.<\/p>\n<p>Foto: Bostadsbolaget<\/p>\n<p>\u00d6ppna bild i helsk\u00e4rm<\/p>\n<p>I Brunnsbo i <a href=\"https:\/\/www.expressen.se\/tagg\/location\/goteborg\/\" class=\"\" rel=\"nofollow noopener\" target=\"_blank\">G\u00f6teborg<\/a> har lappar fr\u00e5n kommunala Bostadsbolaget satts upp nyligen. Budskapet \u00e4r tydligt: det \u00e4r f\u00f6rbjudet att kasta sopor fr\u00e5n f\u00f6nstren. Grannar kan skada sig och avfallsh\u00f6garna blir tillh\u00e5ll f\u00f6r r\u00e5ttor.\u00a0<\/p>\n<p><a href=\"https:\/\/www.helahisingen.se\/bostadsbolagets-vadjan-sluta-slanga-ut-hushallssopor-ur-fonster-och-balkonger-tank-om-din-granne-skadar-sig\/\" rel=\"nofollow noopener\" target=\"_blank\">Hela Hisingen<\/a> var f\u00f6rst att rapportera om den olyckliga sopsituationen. Enligt tidningen f\u00f6rekommer problemet p\u00e5 flera h\u00e5ll, men i somras m\u00e4rkte Bostadsbolaget en \u00f6kning i omr\u00e5det.<\/p>\n<p>Enligt <a href=\"https:\/\/www.gp.se\/nyheter\/goteborg\/sopor-kastas-ut-genom-fonster-i-brunnsbo.997def18-2354-40db-a809-b96acbd69a85\" rel=\"nofollow noopener\" target=\"_blank\">G\u00f6tebor<\/a><a href=\"https:\/\/www.gp.se\/nyheter\/goteborg\/sopor-kastas-ut-genom-fonster-i-brunnsbo.997def18-2354-40db-a809-b96acbd69a85\" rel=\"nofollow noopener\" target=\"_blank\">gs-Posten<\/a> handlar det om hush\u00e5llsavfall som kastats ut genom f\u00f6nster och fr\u00e5n balkonger. Anv\u00e4nda bindor har hamnat p\u00e5 utsidan av husen och i vissa fall har \u00e4ven m\u00f6bler kastats ut.<\/p>\n<p>\u2013 Om man kastar ut saker s\u00e5 kommer det h\u00e4nda en olycka f\u00f6rr eller senare. Sl\u00e4nger du ut en grej fr\u00e5n \u00e5ttonde v\u00e5ningen beh\u00f6ver den inte vara s\u00e5 stor f\u00f6r att sl\u00e5 ihj\u00e4l n\u00e5gon egentligen, s\u00e4ger Kim Stals som \u00e4r Bostadsbolagets f\u00f6rvaltare i omr\u00e5det till GP.<\/p>\n<p>Riskerar att bli av med l\u00e4genheten<\/p>\n<p>Bostadsbolaget har cirka 1 200 hyresr\u00e4tter i Brunnsbo. Sopkaoset har gjort att de tvingats l\u00e4gga ungef\u00e4r 40 timmar i veckan p\u00e5 att plocka upp skr\u00e4pet.\u00a0<\/p>\n<p>Tid som hade kunnat l\u00e4ggas p\u00e5 annat \u2013 som att g\u00f6ra fint i omr\u00e5det i st\u00e4llet, menar Kim Stals.<\/p>\n<p>Man har haft samtal med personer de vet har skr\u00e4pat ner och de har kunnat f\u00e5 en st\u00f6rningsavgift. Vid upprepad nedskr\u00e4pning riskerar de att bli av med l\u00e4genheten.\u00a0<\/p>\n<p>Men det handlar endast om ett f\u00e5tal som missk\u00f6ter sig, p\u00e5pekar Kim Stals. Den som ser nedskr\u00e4pning uppmanas h\u00f6ra av sig.<\/p>\n<p>\u2013 Hj\u00e4lp oss att h\u00e5lla omr\u00e5det fint. Jag g\u00e5r ju h\u00e4rifr\u00e5n klockan fem p\u00e5 kv\u00e4llen, men jag tycker synd om de som lever i omr\u00e5det. Det \u00e4r ju deras vardagsrum, s\u00e4ger han till GP.<\/p>\n<p><img alt=\"\"\/>Ljudklippet gick inte att spela upp<\/p>\n<p>F\u00f6rs\u00f6k igen senare<\/p>\n","protected":false},"excerpt":{"rendered":"Publicerad 19 dec 2025 kl 14.24Uppdaterad kl 15.45 Bostadsbolaget i Brunnsbo i G\u00f6teborg har st\u00f6tt p\u00e5 ett udda&hellip;\n","protected":false},"author":2,"featured_media":111508,"comment_status":"","ping_status":"","sticky":false,"template":"","format":"standard","meta":{"footnotes":""},"categories":[5],"tags":[22,23,26,27,17,21,24,25,239,3146,28,29,15,16,4112,18,34,154,31,33,32,30,19,996,2599,20],"class_list":{"0":"post-111507","1":"post","2":"type-post","3":"status-publish","4":"format-standard","5":"has-post-thumbnail","7":"category-rubriker","8":"tag-breaking-news","9":"tag-breakingnews","10":"tag-featured-news","11":"tag-featurednews","12":"tag-headlines","13":"tag-huvudnyheter","14":"tag-latest-news","15":"tag-latestnews","16":"tag-location-goteborg","17":"tag-location-hisingen","18":"tag-main-news","19":"tag-mainnews","20":"tag-news","21":"tag-nyheter","22":"tag-organization-goteborgs-posten","23":"tag-rubriker","24":"tag-se","25":"tag-sections-sverige","26":"tag-svenska","27":"tag-sverige","28":"tag-sweden","29":"tag-swedish","30":"tag-top-stories","31":"tag-topic-myndigheter","32":"tag-topic-skadegorelse-sabotage","33":"tag-topstories"},"share_on_mastodon":{"url":"https:\/\/pubeurope.com\/@se\/115747982065306865","error":""},"_links":{"self":[{"href":"https:\/\/www.europesays.com\/se\/wp-json\/wp\/v2\/posts\/111507","targetHints":{"allow":["GET"]}}],"collection":[{"href":"https:\/\/www.europesays.com\/se\/wp-json\/wp\/v2\/posts"}],"about":[{"href":"https:\/\/www.europesays.com\/se\/wp-json\/wp\/v2\/types\/post"}],"author":[{"embeddable":true,"href":"https:\/\/www.europesays.com\/se\/wp-json\/wp\/v2\/users\/2"}],"replies":[{"embeddable":true,"href":"https:\/\/www.europesays.com\/se\/wp-json\/wp\/v2\/comments?post=111507"}],"version-history":[{"count":0,"href":"https:\/\/www.europesays.com\/se\/wp-json\/wp\/v2\/posts\/111507\/revisions"}],"wp:featuredmedia":[{"embeddable":true,"href":"https:\/\/www.europesays.com\/se\/wp-json\/wp\/v2\/media\/111508"}],"wp:attachment":[{"href":"https:\/\/www.europesays.com\/se\/wp-json\/wp\/v2\/media?parent=111507"}],"wp:term":[{"taxonomy":"category","embeddable":true,"href":"https:\/\/www.europesays.com\/se\/wp-json\/wp\/v2\/categories?post=111507"},{"taxonomy":"post_tag","embeddable":true,"href":"https:\/\/www.europesays.com\/se\/wp-json\/wp\/v2\/tags?post=111507"}],"curies":[{"name":"wp","href":"https:\/\/api.w.org\/{rel}","templated":true}]}}