{"id":111513,"date":"2025-12-19T20:00:36","date_gmt":"2025-12-19T20:00:36","guid":{"rendered":"https:\/\/www.europesays.com\/se\/111513\/"},"modified":"2025-12-19T20:00:36","modified_gmt":"2025-12-19T20:00:36","slug":"foraldrapar-doms-for-vallande-till-kroppsskada-eller-sjukdom","status":"publish","type":"post","link":"https:\/\/www.europesays.com\/se\/111513\/","title":{"rendered":"F\u00f6r\u00e4ldrapar d\u00f6ms f\u00f6r v\u00e5llande till kroppsskada eller sjukdom."},"content":{"rendered":"<p>&#13;<br \/>\n&#13;<br \/>\nTingsr\u00e4tten anser att f\u00f6r\u00e4ldrarna har ett sk. garantansvar f\u00f6r den lilla fickan som endast var n\u00e5gra m\u00e5nader gammal och att de varit oaktsamma n\u00e4r de inte kontaktat sjukv\u00e5rden n\u00e4r flickan hade ett bl\u00e5m\u00e4rke och en svullnad i ansiktet i oktober 2024<\/p>\n<p>I januari 2025 konstaterades att flickan hade bl\u00f6dningar under den h\u00e5rda hj\u00e4rnhinnan i huvudet och hon fick opereras. Det \u00e4r inte bevisat att f\u00f6r\u00e4ldrarna upps\u00e5tligen ska ha skadat flickan, men tingsr\u00e4tten anser att de borde ha kontaktat v\u00e5rden d\u00e5 de noterade att hon hade en skada i ansiktet och vid ett senare tillf\u00e4lle ska ha ramlat fr\u00e5n en soffa.<\/p>\n<p>\u00a0<\/p>\n<p>P\u00e5f\u00f6ljden best\u00e4ms till skyddstillsyn f\u00f6r f\u00f6r\u00e4ldrarna som ocks\u00e5 ska betala skadest\u00e5nd till flickan med 115\u00a0000 kr.<\/p>\n","protected":false},"excerpt":{"rendered":"&#13; &#13; Tingsr\u00e4tten anser att f\u00f6r\u00e4ldrarna har ett sk. garantansvar f\u00f6r den lilla fickan som endast var n\u00e5gra&hellip;\n","protected":false},"author":2,"featured_media":55053,"comment_status":"","ping_status":"","sticky":false,"template":"","format":"standard","meta":{"footnotes":""},"categories":[5],"tags":[22,23,26,27,17,21,24,25,28,29,15,16,18,34,31,33,32,30,19,20],"class_list":{"0":"post-111513","1":"post","2":"type-post","3":"status-publish","4":"format-standard","5":"has-post-thumbnail","7":"category-rubriker","8":"tag-breaking-news","9":"tag-breakingnews","10":"tag-featured-news","11":"tag-featurednews","12":"tag-headlines","13":"tag-huvudnyheter","14":"tag-latest-news","15":"tag-latestnews","16":"tag-main-news","17":"tag-mainnews","18":"tag-news","19":"tag-nyheter","20":"tag-rubriker","21":"tag-se","22":"tag-svenska","23":"tag-sverige","24":"tag-sweden","25":"tag-swedish","26":"tag-top-stories","27":"tag-topstories"},"share_on_mastodon":{"url":"https:\/\/pubeurope.com\/@se\/115748013626939374","error":""},"_links":{"self":[{"href":"https:\/\/www.europesays.com\/se\/wp-json\/wp\/v2\/posts\/111513","targetHints":{"allow":["GET"]}}],"collection":[{"href":"https:\/\/www.europesays.com\/se\/wp-json\/wp\/v2\/posts"}],"about":[{"href":"https:\/\/www.europesays.com\/se\/wp-json\/wp\/v2\/types\/post"}],"author":[{"embeddable":true,"href":"https:\/\/www.europesays.com\/se\/wp-json\/wp\/v2\/users\/2"}],"replies":[{"embeddable":true,"href":"https:\/\/www.europesays.com\/se\/wp-json\/wp\/v2\/comments?post=111513"}],"version-history":[{"count":0,"href":"https:\/\/www.europesays.com\/se\/wp-json\/wp\/v2\/posts\/111513\/revisions"}],"wp:featuredmedia":[{"embeddable":true,"href":"https:\/\/www.europesays.com\/se\/wp-json\/wp\/v2\/media\/55053"}],"wp:attachment":[{"href":"https:\/\/www.europesays.com\/se\/wp-json\/wp\/v2\/media?parent=111513"}],"wp:term":[{"taxonomy":"category","embeddable":true,"href":"https:\/\/www.europesays.com\/se\/wp-json\/wp\/v2\/categories?post=111513"},{"taxonomy":"post_tag","embeddable":true,"href":"https:\/\/www.europesays.com\/se\/wp-json\/wp\/v2\/tags?post=111513"}],"curies":[{"name":"wp","href":"https:\/\/api.w.org\/{rel}","templated":true}]}}