{"id":111522,"date":"2025-12-19T20:36:32","date_gmt":"2025-12-19T20:36:32","guid":{"rendered":"https:\/\/www.europesays.com\/se\/111522\/"},"modified":"2025-12-19T20:36:32","modified_gmt":"2025-12-19T20:36:32","slug":"mayo-tocame-popmuzik","status":"publish","type":"post","link":"https:\/\/www.europesays.com\/se\/111522\/","title":{"rendered":"MAYO &#8211; T\u00f3came &#8211; Popmuzik"},"content":{"rendered":"<p>Det g\u00e5r hett till p\u00e5 tv\u00e4ttomat. I alla fall f\u00f6r den spanske s\u00e5ngaren <strong>MAYO<\/strong> som h\u00e4r blir uppvaktad av b\u00e5de killar och tjejer i musikvideon till T\u00f3came, som betyder r\u00f6r mig p\u00e5 svenska. <\/p>\n<p><a href=\"https:\/\/www.patreon.com\/popmuzik\" rel=\"nofollow noopener\" target=\"_blank\"><img decoding=\"async\" src=\"https:\/\/www.europesays.com\/se\/wp-content\/uploads\/2025\/12\/Folj-Patreon.png\" alt=\"F\u00f6lj p\u00e5 Patreon\" class=\"lazyload\" style=\"--smush-placeholder-width: 1900px; --smush-placeholder-aspect-ratio: 1900\/1100;\"\/><\/a><\/p>\n<p>L\u00e5ten i sig \u00e4r en medryckande och dansant popl\u00e5t d\u00e4r s\u00e5ngaren sjunger om hur han f\u00f6rs\u00f6ker f\u00e5 bort tankarna p\u00e5 sitt ex ur skallen och g\u00e5 vidare. L\u00e4ttare sagt \u00e4n gjort, s\u00e5klart. Men tillslut m\u00e5ste man ju bara sl\u00e4ppa det. <\/p>\n<p>T\u00f3came \u00e4r tagen fr\u00e5n s\u00e5ngarens senaste album <strong>MAYO SEASON<\/strong>, som sl\u00e4pptes tidigare i h\u00f6stas och du ser musikvideon h\u00e4r nedan<\/p>\n","protected":false},"excerpt":{"rendered":"Det g\u00e5r hett till p\u00e5 tv\u00e4ttomat. I alla fall f\u00f6r den spanske s\u00e5ngaren MAYO som h\u00e4r blir uppvaktad&hellip;\n","protected":false},"author":2,"featured_media":111523,"comment_status":"","ping_status":"","sticky":false,"template":"","format":"standard","meta":{"footnotes":""},"categories":[67],"tags":[104,34,31,33,32,30,105],"class_list":{"0":"post-111522","1":"post","2":"type-post","3":"status-publish","4":"format-standard","5":"has-post-thumbnail","7":"category-underhallning","8":"tag-entertainment","9":"tag-se","10":"tag-svenska","11":"tag-sverige","12":"tag-sweden","13":"tag-swedish","14":"tag-underhallning"},"share_on_mastodon":{"url":"https:\/\/pubeurope.com\/@se\/115748155830636930","error":""},"_links":{"self":[{"href":"https:\/\/www.europesays.com\/se\/wp-json\/wp\/v2\/posts\/111522","targetHints":{"allow":["GET"]}}],"collection":[{"href":"https:\/\/www.europesays.com\/se\/wp-json\/wp\/v2\/posts"}],"about":[{"href":"https:\/\/www.europesays.com\/se\/wp-json\/wp\/v2\/types\/post"}],"author":[{"embeddable":true,"href":"https:\/\/www.europesays.com\/se\/wp-json\/wp\/v2\/users\/2"}],"replies":[{"embeddable":true,"href":"https:\/\/www.europesays.com\/se\/wp-json\/wp\/v2\/comments?post=111522"}],"version-history":[{"count":0,"href":"https:\/\/www.europesays.com\/se\/wp-json\/wp\/v2\/posts\/111522\/revisions"}],"wp:featuredmedia":[{"embeddable":true,"href":"https:\/\/www.europesays.com\/se\/wp-json\/wp\/v2\/media\/111523"}],"wp:attachment":[{"href":"https:\/\/www.europesays.com\/se\/wp-json\/wp\/v2\/media?parent=111522"}],"wp:term":[{"taxonomy":"category","embeddable":true,"href":"https:\/\/www.europesays.com\/se\/wp-json\/wp\/v2\/categories?post=111522"},{"taxonomy":"post_tag","embeddable":true,"href":"https:\/\/www.europesays.com\/se\/wp-json\/wp\/v2\/tags?post=111522"}],"curies":[{"name":"wp","href":"https:\/\/api.w.org\/{rel}","templated":true}]}}