{"id":111527,"date":"2025-12-19T20:59:14","date_gmt":"2025-12-19T20:59:14","guid":{"rendered":"https:\/\/www.europesays.com\/se\/111527\/"},"modified":"2025-12-19T20:59:14","modified_gmt":"2025-12-19T20:59:14","slug":"beskedet-sa-blir-nya-lararutbildningarna","status":"publish","type":"post","link":"https:\/\/www.europesays.com\/se\/111527\/","title":{"rendered":"Beskedet: S\u00e5 blir nya l\u00e4rarutbildningarna"},"content":{"rendered":"<p>                                    <img decoding=\"async\" src=\"https:\/\/www.europesays.com\/se\/wp-content\/uploads\/2025\/12\/arvidsson-edholm-olskog.jpg\" alt=\"En tredelad bild av Emma Arvidsson, Lotta Edholm och Anna Olskog\" loading=\"lazy\"\/><\/p>\n<p>                                    Foto: Sven Jansson\/ Johanna S\u00e4ll<\/p>\n<p class=\"article-headerImageDescription\">Emma Arvidsson, Sveriges L\u00e4rarstudenter, och Anna Olskog, Sveriges L\u00e4rare saknar svar om finansiering fr\u00e5n Lotta Edholm.<\/p>\n<p class=\"article-preamble\">\n                        L\u00e4rarutbildning<br \/>\n                        L\u00e4rarutbildningarna beh\u00f6ver bli b\u00e4ttre, enligt regeringen, som nu g\u00e5tt ut med sin plan f\u00f6r hur det ska g\u00e5 till. <br \/>Men det finns fr\u00e5getecken \u2013 bland annat kring finansieringen.<br \/>\u2013 Om inte en god och l\u00e5ngsiktig finansiering av l\u00e4rarutbildningen s\u00e4kerst\u00e4lls kommer de bra f\u00f6r\u00e4ndringarna inte kunna f\u00e5 genomslag, s\u00e4ger Anna Olskog, f\u00f6rbundsordf\u00f6rande Sveriges L\u00e4rare.<\/p>\n<p>                    <img loading=\"lazy\" decoding=\"async\" class=\"article-bylineImg\" src=\"https:\/\/www.europesays.com\/se\/wp-content\/uploads\/2025\/12\/1766177954_829_emma_olsson.jpg\" width=\"100\" height=\"100\" alt=\"\"\/><\/p>\n<p>Regeringen har presenterat de nya l\u00e4rarutbildningarna.<\/p>\n<ul>\n<li>Antagningskraven ska h\u00f6jas. Bland annat kommer grund- och \u00e4mnesl\u00e4rarutbildningen kr\u00e4va minst C i svenska, och utbildningen till l\u00e4rare i f\u00f6rskola ett D.<\/li>\n<li>Fler l\u00e4rarledda timmar. Med h\u00f6gre antagningskrav blir det f\u00e4rre antagna studenter \u2013 och utbildarna f\u00e5r pengar \u00f6ver. Regeringen hoppas att det leder till fler l\u00e4rarledda timmar.<\/li>\n<li>Mer \u00e4mnes- och \u00e4mnesdidaktiska studier.<\/li>\n<li>Mer kognitionsvetenskap.<\/li>\n<\/ul>\n<p>Regeringen skjuter ocks\u00e5 till 7 miljoner kronor f\u00f6r att det ska finnas utbildningar i hela landet. Pengarna g\u00e5r till att utveckla l\u00e4ros\u00e4tenas samarbete med kommunala l\u00e4rcentrum.<\/p>\n<p>4 miljoner kronor g\u00e5r till att vidareutbilda l\u00e4rare p\u00e5 l\u00e4rarutbildningarna i kognitionsvetenskap.<\/p>\n<p>\u2013 L\u00e4rare \u00e4r ett av de viktigaste yrkena som finns och vi m\u00e5ste ge dem b\u00e4ttre f\u00f6ruts\u00e4ttningar att g\u00f6ra sitt jobb. D\u00e4rf\u00f6r genomf\u00f6r vi nu en omfattande reform av l\u00e4rarutbildningen d\u00e4r kraven p\u00e5 b\u00e5de kvaliteten och p\u00e5 studenterna h\u00f6js, s\u00e4ger gymnasie-, h\u00f6gskole- och forskningsminister Lotta Edholm.<\/p>\n<p>Enligt utbildningsdepartementets pressavdelning ber\u00e4knas kostnaderna minska med antalet s\u00f6kande, s\u00e5 att l\u00e4ros\u00e4tena f\u00e5r mellan 10 och 20 procent mer att r\u00f6ra sig med.<\/p>\n<p>Pengarna \u201dett orosmoln\u201d<\/p>\n<p>Facket har fr\u00e5gor om finansieringen, som Anna Olskog, f\u00f6rbundsordf\u00f6rande f\u00f6r Sveriges L\u00e4rare, kallar \u201dett orosmoln\u201d.<\/p>\n<p>\u2013 Regeringen l\u00e4mnar inga tydliga besked nu mer \u00e4n att ers\u00e4ttningsbeloppen ska h\u00f6jas, vilket i och f\u00f6r sig \u00e4r positivt. De exakta niv\u00e5erna framg\u00e5r inte av pressmeddelandet. Om inte en god och l\u00e5ngsiktig finansiering av l\u00e4rarutbildningen s\u00e4kerst\u00e4lls kommer de bra f\u00f6r\u00e4ndringarna inte kunna f\u00e5 genomslag. Studenterna beh\u00f6ver inte minst mer l\u00e4rarledd undervisningstid s\u00e5 att kvaliteten i utbildningen kan \u00f6ka, s\u00e4ger hon.<\/p>\n<p>D\u00e4remot ser Anna Olskog fram mot ett \u00f6kat fokus p\u00e5 \u00e4mnesstudier och \u00e4mnesdidaktik.<\/p>\n<p>\u2013 Sveriges L\u00e4rare v\u00e4lkomnar att regeringen nu f\u00f6rverkligar flera av l\u00e4rarutbildningsutredningens f\u00f6rslag. Det g\u00e4ller inte minst att utrymmet f\u00f6r \u00e4mneskunskaper och \u00e4mnesdidaktiska studier nu ska \u00f6ka, det har varit efterfr\u00e5gat av inte minst oss, s\u00e4ger Anna Olskog.\u00a0<\/p>\n<p>Beskeden som saknas<\/p>\n<p>Det saknas \u00e4nnu besked om exakt vad f\u00f6r\u00e4ndringarna best\u00e5r i, eller vad fokus p\u00e5 kognitionsvetenskap inneb\u00e4r.<\/p>\n<p>\u2013 Vi f\u00e5r nu avvakta och se hur man exakt valt att reglera till exempel mer kognitionsvetenskap och f\u00f6r\u00e4ndrat inneh\u00e5ll i den utbildningsvetenskapliga k\u00e4rnan Det finns en risk att man nu undergr\u00e4ver delar av l\u00e4rarutbildningens uppdrag att bygga en professionsidentitet, s\u00e4ger Anna Olskog.<\/p>\n<p>Sveriges L\u00e4rarstudenter l\u00e4ngtar ocks\u00e5 efter tydligare besked \u2013 och \u00e4r besvikna \u00f6ver vad ordf\u00f6randen Emma Arvidsson kallar \u201dpolitisk ryckighet\u201d.<\/p>\n<p>\u201dVall\u00f6ften och tillf\u00e4lliga satsningar\u201d<\/p>\n<p>\u2013 L\u00e4rarutbildningarna kan inte forts\u00e4tta styras av vall\u00f6ften och tillf\u00e4lliga satsningar. Det \u00e4r en av landets viktigaste utbildningar, men politiken v\u00e5gar inte ta ett samlat grepp. \u00a0Vi beh\u00f6ver l\u00e5ngsiktighet b\u00e5de i finansieringen och i utbildningarnas inneh\u00e5ll, s\u00e4ger hon.<\/p>\n<p>Sveriges L\u00e4rarstudenter forts\u00e4tter att tillsammans med Sveriges L\u00e4rare att kr\u00e4va ett nationellt r\u00e5d f\u00f6r l\u00e4rarutbildningarna.<\/p>\n<p>Nationellt r\u00e5d<\/p>\n<p>\u2013 Ett r\u00e5d som samlar politiken, l\u00e4ros\u00e4tena och professionen och som kan ta ansvar bortom mandatperioderna, s\u00e4ger Emma Arvidsson.<\/p>\n<p>\u00c4ven l\u00e4rarstudenterna vill se tydliga besked om inneh\u00e5llet i utbildningarna.<\/p>\n<p>\u2013 Kognitionsvetenskap kan vara ett v\u00e4rdefullt inslag, men det f\u00e5r inte bli ett ensidigt och instrumentellt svar p\u00e5 komplexa yrkesfr\u00e5gor. L\u00e4rarutbildningarna m\u00e5ste ocks\u00e5 ge oss l\u00e4rarstudenter f\u00f6ruts\u00e4ttningar att bli en del av en autonom profession med f\u00f6rm\u00e5ga att f\u00f6rh\u00e5lla sig kritiskt till de pedagogiska trender som st\u00e4ndigt sveper genom skolan, s\u00e4ger Emma Arvidsson.<\/p>\n<p><strong>L\u00c4S \u00c4VEN:<\/strong><\/p>\n<p><a title=\"\u201dNy l\u00e4rarutbildning faller \u2013 utan mer pengar\u201d\" href=\"https:\/\/www.vilarare.se\/nyheter\/vi-larare-debatt\/ny-lararutbildning-faller--utan-mer-pengar\/\" rel=\"nofollow noopener\" target=\"_blank\">\u201dNy l\u00e4rarutbildning faller \u2013 utan mer pengar\u201d<\/a><\/p>\n<p><a title=\"My klarade inte att g\u00e5 till skolan \u2013 nu blir hon l\u00e4rare\" href=\"https:\/\/www.vilarare.se\/nyheter\/lararutbildning\/my-klarade-inte-att-ga-till-skolan-nu-blir-hon-larare\/\" rel=\"nofollow noopener\" target=\"_blank\">My klarade inte att g\u00e5 till skolan \u2013 nu blir hon l\u00e4rare<\/a><\/p>\n<p><a title=\"De tar \u00f6ver styret f\u00f6r l\u00e4rarstudenterna\" href=\"https:\/\/www.vilarare.se\/nyheter\/student\/de-tar-over-styret-for-lararstudenterna\/\" rel=\"nofollow noopener\" target=\"_blank\">De tar \u00f6ver styret f\u00f6r l\u00e4rarstudenterna<\/a><\/p>\n<p><a title=\"S\u00e5 m\u00e5nga l\u00e4rarstudenter kan stoppas \u2013 i egna \u00e4mnet\" href=\"https:\/\/www.vilarare.se\/nyheter\/lararutbildning\/Sa-manga-lararstudenter-kan-stoppas-i-egna-amnet\/\" rel=\"nofollow noopener\" target=\"_blank\">S\u00e5 m\u00e5nga l\u00e4rarstudenter kan stoppas \u2013 i egna \u00e4mnet<\/a><\/p>\n","protected":false},"excerpt":{"rendered":"Foto: Sven Jansson\/ Johanna S\u00e4ll Emma Arvidsson, Sveriges L\u00e4rarstudenter, och Anna Olskog, Sveriges L\u00e4rare saknar svar om finansiering&hellip;\n","protected":false},"author":2,"featured_media":111528,"comment_status":"","ping_status":"","sticky":false,"template":"","format":"standard","meta":{"footnotes":""},"categories":[5],"tags":[22,23,26,27,17,21,24,25,28,29,15,16,18,34,31,33,32,30,19,20],"class_list":{"0":"post-111527","1":"post","2":"type-post","3":"status-publish","4":"format-standard","5":"has-post-thumbnail","7":"category-rubriker","8":"tag-breaking-news","9":"tag-breakingnews","10":"tag-featured-news","11":"tag-featurednews","12":"tag-headlines","13":"tag-huvudnyheter","14":"tag-latest-news","15":"tag-latestnews","16":"tag-main-news","17":"tag-mainnews","18":"tag-news","19":"tag-nyheter","20":"tag-rubriker","21":"tag-se","22":"tag-svenska","23":"tag-sverige","24":"tag-sweden","25":"tag-swedish","26":"tag-top-stories","27":"tag-topstories"},"share_on_mastodon":{"url":"https:\/\/pubeurope.com\/@se\/115748246048886385","error":""},"_links":{"self":[{"href":"https:\/\/www.europesays.com\/se\/wp-json\/wp\/v2\/posts\/111527","targetHints":{"allow":["GET"]}}],"collection":[{"href":"https:\/\/www.europesays.com\/se\/wp-json\/wp\/v2\/posts"}],"about":[{"href":"https:\/\/www.europesays.com\/se\/wp-json\/wp\/v2\/types\/post"}],"author":[{"embeddable":true,"href":"https:\/\/www.europesays.com\/se\/wp-json\/wp\/v2\/users\/2"}],"replies":[{"embeddable":true,"href":"https:\/\/www.europesays.com\/se\/wp-json\/wp\/v2\/comments?post=111527"}],"version-history":[{"count":0,"href":"https:\/\/www.europesays.com\/se\/wp-json\/wp\/v2\/posts\/111527\/revisions"}],"wp:featuredmedia":[{"embeddable":true,"href":"https:\/\/www.europesays.com\/se\/wp-json\/wp\/v2\/media\/111528"}],"wp:attachment":[{"href":"https:\/\/www.europesays.com\/se\/wp-json\/wp\/v2\/media?parent=111527"}],"wp:term":[{"taxonomy":"category","embeddable":true,"href":"https:\/\/www.europesays.com\/se\/wp-json\/wp\/v2\/categories?post=111527"},{"taxonomy":"post_tag","embeddable":true,"href":"https:\/\/www.europesays.com\/se\/wp-json\/wp\/v2\/tags?post=111527"}],"curies":[{"name":"wp","href":"https:\/\/api.w.org\/{rel}","templated":true}]}}