{"id":111529,"date":"2025-12-19T21:02:18","date_gmt":"2025-12-19T21:02:18","guid":{"rendered":"https:\/\/www.europesays.com\/se\/111529\/"},"modified":"2025-12-19T21:02:18","modified_gmt":"2025-12-19T21:02:18","slug":"sony-koper-rattigheterna-till-snobben-for-42-miljarder","status":"publish","type":"post","link":"https:\/\/www.europesays.com\/se\/111529\/","title":{"rendered":"Sony k\u00f6per r\u00e4ttigheterna till Snobben f\u00f6r 4,2 miljarder"},"content":{"rendered":"<p>Japanska Sony planerar att k\u00f6pa ytterligare 41 procent av bolaget Peanuts, som \u00e4ger r\u00e4ttigheterna till karakt\u00e4rerna i Snobben, enligt flera medier. <\/p>\n<p>Aff\u00e4ren g\u00e5r loss p\u00e5 630 miljoner kanadensiska dollar, motsvarande runt 4,2 miljarder kronor, och inneb\u00e4r att Sony nu kommer \u00e4ga 80 procent av Peanuts. Resterande 20 procent kommer fortsatt \u00e4gas av familjen till den avlidne Snobben-skaparen Charles M Schultz, skriver Nikkei Asia. <\/p>\n<p>Snobben introducerades p\u00e5 1950-talet som en seriestrip i sju amerikanska tidningar. <\/p>\n<p>Omni \u00e4r politiskt obundna och oberoende. Vi str\u00e4var efter att ge fler perspektiv p\u00e5 nyheterna. Har du fr\u00e5gor eller synpunkter kring v\u00e5r rapportering? <a href=\"https:\/\/omni.se\/sony-koper-rattigheterna-till-snobben-for-4-2-miljarder\/a\/mailto:redaktion@omni.se\" class=\"ArticleActions_contactLink__W2F1M\" rel=\"nofollow noopener\" target=\"_blank\">Kontakta redaktionen<\/a><\/p>\n","protected":false},"excerpt":{"rendered":"Japanska Sony planerar att k\u00f6pa ytterligare 41 procent av bolaget Peanuts, som \u00e4ger r\u00e4ttigheterna till karakt\u00e4rerna i Snobben,&hellip;\n","protected":false},"author":2,"featured_media":111530,"comment_status":"","ping_status":"","sticky":false,"template":"","format":"standard","meta":{"footnotes":""},"categories":[67],"tags":[420,104,4354,2865,4353,34,1268,31,33,32,30,105],"class_list":{"0":"post-111529","1":"post","2":"type-post","3":"status-publish","4":"format-standard","5":"has-post-thumbnail","7":"category-underhallning","8":"tag-asien","9":"tag-entertainment","10":"tag-fusioner-och-forvarv","11":"tag-japan","12":"tag-ma","13":"tag-se","14":"tag-sony","15":"tag-svenska","16":"tag-sverige","17":"tag-sweden","18":"tag-swedish","19":"tag-underhallning"},"share_on_mastodon":{"url":"https:\/\/pubeurope.com\/@se\/115748257308204965","error":""},"_links":{"self":[{"href":"https:\/\/www.europesays.com\/se\/wp-json\/wp\/v2\/posts\/111529","targetHints":{"allow":["GET"]}}],"collection":[{"href":"https:\/\/www.europesays.com\/se\/wp-json\/wp\/v2\/posts"}],"about":[{"href":"https:\/\/www.europesays.com\/se\/wp-json\/wp\/v2\/types\/post"}],"author":[{"embeddable":true,"href":"https:\/\/www.europesays.com\/se\/wp-json\/wp\/v2\/users\/2"}],"replies":[{"embeddable":true,"href":"https:\/\/www.europesays.com\/se\/wp-json\/wp\/v2\/comments?post=111529"}],"version-history":[{"count":0,"href":"https:\/\/www.europesays.com\/se\/wp-json\/wp\/v2\/posts\/111529\/revisions"}],"wp:featuredmedia":[{"embeddable":true,"href":"https:\/\/www.europesays.com\/se\/wp-json\/wp\/v2\/media\/111530"}],"wp:attachment":[{"href":"https:\/\/www.europesays.com\/se\/wp-json\/wp\/v2\/media?parent=111529"}],"wp:term":[{"taxonomy":"category","embeddable":true,"href":"https:\/\/www.europesays.com\/se\/wp-json\/wp\/v2\/categories?post=111529"},{"taxonomy":"post_tag","embeddable":true,"href":"https:\/\/www.europesays.com\/se\/wp-json\/wp\/v2\/tags?post=111529"}],"curies":[{"name":"wp","href":"https:\/\/api.w.org\/{rel}","templated":true}]}}