{"id":111531,"date":"2025-12-19T21:07:07","date_gmt":"2025-12-19T21:07:07","guid":{"rendered":"https:\/\/www.europesays.com\/se\/111531\/"},"modified":"2025-12-19T21:07:07","modified_gmt":"2025-12-19T21:07:07","slug":"stark-svensk-laginsats-i-varldscupsprinten","status":"publish","type":"post","link":"https:\/\/www.europesays.com\/se\/111531\/","title":{"rendered":"Stark svensk laginsats i v\u00e4rldscupsprinten"},"content":{"rendered":"<p class=\"normal\"><strong>Sebastian Samuelsson <\/strong>var fj\u00e4rde man inf\u00f6r det liggande skyttet och l\u00e4mnade vallen som trea, bara 10 sekunder fr\u00e5n t\u00e4ten. Han fortsatte med snabbaste \u00e5ktid p\u00e5 mellanrundan och hade ledningen med tre sekunder p\u00e5 v\u00e4g in till st\u00e5ende i segerl\u00e4ge, men \u00e5kte tyv\u00e4rr p\u00e5 tv\u00e5 bom och f\u00f6ll till 11:e plats. Sebastian avslutade \u00e4nd\u00e5 starkt med b\u00e4sta tid \u00e4ven p\u00e5 slutvarvet d\u00e4r han tog sig f\u00f6rbi fem \u00e5kare till sj\u00e4tte plats i m\u00e5l och ytterligare en blomsterceremoni, nio sekunder bakom <strong>Vetle Sj\u00e5stad Christiansen <\/strong>fr\u00e5n Norge som sk\u00f6t fullt. Sammanlagt hade 28-\u00e5ringen fr\u00e5n Sollefte\u00e5 n\u00e4st b\u00e4sta \u00e5ktid i det tunga f\u00f6ret, bara tv\u00e5 sekunder efter norrmannen <strong>Johannes Dale-Skjevdal<\/strong>. Trots de tv\u00e5 bommarna visade Sebastian fortsatt superform och har alla m\u00f6jligheter att sl\u00e5ss om segern i morgondagens jaktstart.<\/p>\n<p class=\"normal\">\u2013 Jag vill vara en vinnare. Vill man vara en vinnare d\u00e5 m\u00e5ste man ta den h\u00e4r chansen b\u00e4ttre, sa <strong>Sebastian Samuelsson <\/strong>efter\u00e5t till SVT Sport:<\/p>\n<p class=\"normal\">\u2013 Det h\u00e4r \u00e4r en s\u00e5dan dag, n\u00e4r det k\u00e4nns s\u00e5 h\u00e4r bra ska jag vinna med 20 sekunder och leka hem det. Det \u00e4r frustrerande, samtidigt som jag \u00e4r glad att det r\u00e4cker s\u00e5 l\u00e5ngt med ett d\u00e5ligt st\u00e5ende skytte.<\/p>\n<p class=\"normal\">Efter 10:e tid p\u00e5 det inledande varvet \u00e5kte <strong>Martin Ponsiluoma <\/strong>p\u00e5 en bom i liggande. Han kl\u00e4ttrade d\u00e4remot 13 placeringar till nionde plats med tredje \u00e5ktid p\u00e5 det andra varvet, men missade ytterligare ett skott i det st\u00e5ende skyttet och var 12:a ut p\u00e5 slutrundan. D\u00e4r hade Martin tredje tid p\u00e5 nytt och avancerade fem placeringar till sjunde plats i m\u00e5l, tre sekunder bakom Sebastian. \u00c5km\u00e4ssigt var han 14 sekunder l\u00e5ngsammare \u00e4n landsmannen med tredje tid totalt, 16 sekunder efter snabbaste man efter en stark insats i sp\u00e5ret. Martin har ocks\u00e5 goda chanser att st\u00e5 h\u00f6gst upp med felfritt skytte i jaktstarten.<\/p>\n<p class=\"normal\"><strong>Jesper Nelin <\/strong>inledde med fem fulltr\u00e4ffar i liggande och l\u00e4mnade vallen som nionde man, 17 sekunder p\u00e5 t\u00e4ten. Han tog sig f\u00f6rbi ytterligare en \u00e5kare p\u00e5 v\u00e4gen till det st\u00e5ende skyttet, men f\u00f6ll till 14:e plats efter en straffrunda. P\u00e5 slutvarvet avancerade Jesper \u00e4nd\u00e5 tv\u00e5 placeringar och blev till sist 12:a i m\u00e5l, 32 sekunder bakom segrande <strong>Vetle Sj\u00e5stad Christiansen <\/strong>efter ett stabilt lopp med bra skytte. Svensken var totalt 44 sekunder l\u00e5ngsammare \u00e4n <strong>Johannes Dale-Skjevdal<\/strong> och har inte mer \u00e4n en straffrunda upp till en plats bland de sex fr\u00e4msta inf\u00f6r l\u00f6rdagens jaktstart.<\/p>\n<p class=\"normal\">Efter ett jobbigt \u00e5r med sjukdom gjorde <strong>Henning Sj\u00f6kvist <\/strong>sin andra v\u00e4rldscupstart. Han var bara sex sekunder bakom Jesper inf\u00f6r det liggande skyttet, men missade ett skott och l\u00e5g 37:a ut p\u00e5 mellanrundan och var en placering b\u00e4ttre p\u00e5 v\u00e4g in till st\u00e5ende. D\u00e4r lyckades Henning nolla p\u00e5 23 sekunder och avancerade till 21:a plats, men blev 29:a i m\u00e5l &#8211; 1,15 fr\u00e5n segern. Han tappade sammanlagt 1,36 mot snabbaste \u00e5kare, men tog po\u00e4ng med r\u00e5ge och f\u00e5r k\u00f6ra sin f\u00f6rsta jaktstart efter en imponerande insats, inte minst med tanke p\u00e5 f\u00f6rra s\u00e4songen.<\/p>\n<p class=\"normal\"><strong>Oscar Andersson <\/strong>debuterade i V\u00e4rldscupen och inledde med en bom i liggande. Han l\u00e4mnade vallen som 45:a och fick sl\u00e4ppa tre man f\u00f6rbi sig p\u00e5 mellanrundan, men slog sedan till med en nolla p\u00e5 17 sekunder i st\u00e5ende. Tack vare det kl\u00e4ttrade Oscar till 25:e plats, men hamnade p\u00e5 32:a plats i m\u00e5l &#8211; tv\u00e5 sekunder bakom Henning. \u00c5km\u00e4ssigt var han sju sekunder l\u00e5ngsammare, men hade fj\u00e4rde skjuttid efter tv\u00e5 serier p\u00e5 42 sekunder och var sexa totalt p\u00e5 vallen. Oscar \u00f6vertygade ocks\u00e5 stort med v\u00e4rldscuppo\u00e4ng och k\u00f6r sin f\u00f6rsta jaktstart i morgon.<\/p>\n<p class=\"normal\">Det blev \u00e4ven ett missat skott i liggande f\u00f6r <strong>Malte Stefansson <\/strong>som d\u00e4refter kl\u00e4ttrade sju placeringar till 32:a plats p\u00e5 v\u00e4gen till det st\u00e5ende skyttet. Tyv\u00e4rr gjorde ytterligare tv\u00e5 bom att han f\u00f6ll till 59:e plats, men tog sig f\u00f6rbi 12 man p\u00e5 slutvarvet och blev 47:a i m\u00e5l &#8211; 1,33 bakom <strong>Vetle Sj\u00e5stad Christiansen<\/strong>. I sp\u00e5ret tappade Malte totalt 1,13 mot <strong>Johannes Dale-Skjevdal<\/strong>, men har bara sex sekunder upp till po\u00e4ngplats inf\u00f6r jaktstarten.<\/p>\n<p class=\"normal\">I morgon forts\u00e4tter V\u00e4rldscupen i Annecy-Le Grand Bornand med dubbla jaktstarter. Damerna k\u00f6r kl. 12.15 och herrarna kl. 14.45.<\/p>\n<p class=\"normal\"><strong>Text och analys: L-G Alsenius<\/strong><\/p>\n","protected":false},"excerpt":{"rendered":"Sebastian Samuelsson var fj\u00e4rde man inf\u00f6r det liggande skyttet och l\u00e4mnade vallen som trea, bara 10 sekunder fr\u00e5n&hellip;\n","protected":false},"author":2,"featured_media":111532,"comment_status":"","ping_status":"","sticky":false,"template":"","format":"standard","meta":{"footnotes":""},"categories":[5],"tags":[22,23,26,27,17,21,24,25,28,29,15,16,18,34,31,33,32,30,19,20],"class_list":{"0":"post-111531","1":"post","2":"type-post","3":"status-publish","4":"format-standard","5":"has-post-thumbnail","7":"category-rubriker","8":"tag-breaking-news","9":"tag-breakingnews","10":"tag-featured-news","11":"tag-featurednews","12":"tag-headlines","13":"tag-huvudnyheter","14":"tag-latest-news","15":"tag-latestnews","16":"tag-main-news","17":"tag-mainnews","18":"tag-news","19":"tag-nyheter","20":"tag-rubriker","21":"tag-se","22":"tag-svenska","23":"tag-sverige","24":"tag-sweden","25":"tag-swedish","26":"tag-top-stories","27":"tag-topstories"},"share_on_mastodon":{"url":"https:\/\/pubeurope.com\/@se\/115748277480372870","error":""},"_links":{"self":[{"href":"https:\/\/www.europesays.com\/se\/wp-json\/wp\/v2\/posts\/111531","targetHints":{"allow":["GET"]}}],"collection":[{"href":"https:\/\/www.europesays.com\/se\/wp-json\/wp\/v2\/posts"}],"about":[{"href":"https:\/\/www.europesays.com\/se\/wp-json\/wp\/v2\/types\/post"}],"author":[{"embeddable":true,"href":"https:\/\/www.europesays.com\/se\/wp-json\/wp\/v2\/users\/2"}],"replies":[{"embeddable":true,"href":"https:\/\/www.europesays.com\/se\/wp-json\/wp\/v2\/comments?post=111531"}],"version-history":[{"count":0,"href":"https:\/\/www.europesays.com\/se\/wp-json\/wp\/v2\/posts\/111531\/revisions"}],"wp:featuredmedia":[{"embeddable":true,"href":"https:\/\/www.europesays.com\/se\/wp-json\/wp\/v2\/media\/111532"}],"wp:attachment":[{"href":"https:\/\/www.europesays.com\/se\/wp-json\/wp\/v2\/media?parent=111531"}],"wp:term":[{"taxonomy":"category","embeddable":true,"href":"https:\/\/www.europesays.com\/se\/wp-json\/wp\/v2\/categories?post=111531"},{"taxonomy":"post_tag","embeddable":true,"href":"https:\/\/www.europesays.com\/se\/wp-json\/wp\/v2\/tags?post=111531"}],"curies":[{"name":"wp","href":"https:\/\/api.w.org\/{rel}","templated":true}]}}