{"id":111534,"date":"2025-12-19T21:13:08","date_gmt":"2025-12-19T21:13:08","guid":{"rendered":"https:\/\/www.europesays.com\/se\/111534\/"},"modified":"2025-12-19T21:13:08","modified_gmt":"2025-12-19T21:13:08","slug":"nu-ska-jag-till-datjan","status":"publish","type":"post","link":"https:\/\/www.europesays.com\/se\/111534\/","title":{"rendered":"\u201dNu ska jag till datjan\u201d"},"content":{"rendered":"<p>Efter nattmanglingen om EU-st\u00f6det till Ukraina h\u00f6ll Belgiens premi\u00e4rminister Bart De Wever en presstr\u00e4ff. D\u00e4r ilsknade han till p\u00e5 en reporter fr\u00e5n nyhetssajten Politico, skriver TT.<\/p>\n<p>I en Politico-artikel den 4 december kallades Belgien \u201dRysslands mest v\u00e4rdefulla tillg\u00e5ng\u201d \u2013 en passning till landets motst\u00e5nd mot att anv\u00e4nda sina frysta ryska tillg\u00e5ngar f\u00f6r l\u00e5n till Ukraina.<\/p>\n<p>Det f\u00f6ll inte i god jord hos premi\u00e4rministern, som efter sitt svar rundade av presstr\u00e4ffen med en sarkastisk gliring.<\/p>\n<p>\u2013 Nu m\u00e5ste jag \u00e5ka till min datja i Sankt Petersburg, d\u00e4r min granne \u00e4r (franske sk\u00e5despelaren G\u00e9rard) Depardieu och p\u00e5 andra sidan v\u00e4gen bor (Syriens landsflyktige ex-diktator) Assad. Jag tror jag kan bli borgm\u00e4stare d\u00e4r.<\/p>\n<p>En datja \u00e4r en rysk sommarbostad.<\/p>\n<p>Omni \u00e4r politiskt obundna och oberoende. Vi str\u00e4var efter att ge fler perspektiv p\u00e5 nyheterna. Har du fr\u00e5gor eller synpunkter kring v\u00e5r rapportering? <a href=\"https:\/\/omni.se\/de-wever-i-journalistbrak-nu-ska-jag-till-datjan\/a\/mailto:redaktion@omni.se\" class=\"ArticleActions_contactLink__W2F1M\" rel=\"nofollow noopener\" target=\"_blank\">Kontakta redaktionen<\/a><\/p>\n","protected":false},"excerpt":{"rendered":"Efter nattmanglingen om EU-st\u00f6det till Ukraina h\u00f6ll Belgiens premi\u00e4rminister Bart De Wever en presstr\u00e4ff. D\u00e4r ilsknade han till&hellip;\n","protected":false},"author":2,"featured_media":111535,"comment_status":"","ping_status":"","sticky":false,"template":"","format":"standard","meta":{"footnotes":""},"categories":[14],"tags":[3827,22,23,73,267,26,27,17,21,24,25,28,29,15,16,18,269,264,34,31,33,32,30,19,20,263,51,52,53,54],"class_list":{"0":"post-111534","1":"post","2":"type-post","3":"status-publish","4":"format-standard","5":"has-post-thumbnail","7":"category-varlden","8":"tag-belgien","9":"tag-breaking-news","10":"tag-breakingnews","11":"tag-eu","12":"tag-europa","13":"tag-featured-news","14":"tag-featurednews","15":"tag-headlines","16":"tag-huvudnyheter","17":"tag-latest-news","18":"tag-latestnews","19":"tag-main-news","20":"tag-mainnews","21":"tag-news","22":"tag-nyheter","23":"tag-rubriker","24":"tag-ryska-invasionen","25":"tag-ryssland","26":"tag-se","27":"tag-svenska","28":"tag-sverige","29":"tag-sweden","30":"tag-swedish","31":"tag-top-stories","32":"tag-topstories","33":"tag-ukraina","34":"tag-varlden","35":"tag-world","36":"tag-world-news","37":"tag-worldnews"},"share_on_mastodon":{"url":"https:\/\/pubeurope.com\/@se\/115748300658028396","error":""},"_links":{"self":[{"href":"https:\/\/www.europesays.com\/se\/wp-json\/wp\/v2\/posts\/111534","targetHints":{"allow":["GET"]}}],"collection":[{"href":"https:\/\/www.europesays.com\/se\/wp-json\/wp\/v2\/posts"}],"about":[{"href":"https:\/\/www.europesays.com\/se\/wp-json\/wp\/v2\/types\/post"}],"author":[{"embeddable":true,"href":"https:\/\/www.europesays.com\/se\/wp-json\/wp\/v2\/users\/2"}],"replies":[{"embeddable":true,"href":"https:\/\/www.europesays.com\/se\/wp-json\/wp\/v2\/comments?post=111534"}],"version-history":[{"count":0,"href":"https:\/\/www.europesays.com\/se\/wp-json\/wp\/v2\/posts\/111534\/revisions"}],"wp:featuredmedia":[{"embeddable":true,"href":"https:\/\/www.europesays.com\/se\/wp-json\/wp\/v2\/media\/111535"}],"wp:attachment":[{"href":"https:\/\/www.europesays.com\/se\/wp-json\/wp\/v2\/media?parent=111534"}],"wp:term":[{"taxonomy":"category","embeddable":true,"href":"https:\/\/www.europesays.com\/se\/wp-json\/wp\/v2\/categories?post=111534"},{"taxonomy":"post_tag","embeddable":true,"href":"https:\/\/www.europesays.com\/se\/wp-json\/wp\/v2\/tags?post=111534"}],"curies":[{"name":"wp","href":"https:\/\/api.w.org\/{rel}","templated":true}]}}