{"id":111536,"date":"2025-12-19T21:14:08","date_gmt":"2025-12-19T21:14:08","guid":{"rendered":"https:\/\/www.europesays.com\/se\/111536\/"},"modified":"2025-12-19T21:14:08","modified_gmt":"2025-12-19T21:14:08","slug":"tre-efterlysta-man-deporterade-fran-egypten","status":"publish","type":"post","link":"https:\/\/www.europesays.com\/se\/111536\/","title":{"rendered":"Tre efterlysta m\u00e4n deporterade fr\u00e5n Egypten"},"content":{"rendered":"<p>Tre m\u00e4n som varit internationellt efterlysta har gripits i Egypten och deporterats till Sverige. M\u00e4nnen \u00e4r i \u00e5ldern 25, 33 samt 50, och greps tidigare i veckan, skriver polisen p\u00e5 sin hemsida.<\/p>\n<p>\u201dVi samverkar med allt fler l\u00e4nder f\u00f6r att f\u00e5 svenska kriminella gripna n\u00e4r de befinner sig utomlands och det \u00e4r vi mycket n\u00f6jda med\u201d, s\u00e4ger bitr\u00e4dande rikspolischef Stefan Hector i en kommentar.<\/p>\n<p>Tv\u00e5 av dem \u00e4r d\u00f6mda till f\u00e4ngelse. En till fem \u00e5rs f\u00e4ngelse f\u00f6r bl.a. mord- brand och grovt vapenbrott. Den andre till tv\u00e5 \u00e5r och fem m\u00e5naders f\u00e4ngelse.<\/p>\n","protected":false},"excerpt":{"rendered":"Tre m\u00e4n som varit internationellt efterlysta har gripits i Egypten och deporterats till Sverige. M\u00e4nnen \u00e4r i \u00e5ldern&hellip;\n","protected":false},"author":2,"featured_media":793,"comment_status":"","ping_status":"","sticky":false,"template":"","format":"standard","meta":{"footnotes":""},"categories":[12],"tags":[22,23,26,27,17,21,24,25,28,29,15,16,18,34,31,33,32,30,19,20],"class_list":{"0":"post-111536","1":"post","2":"type-post","3":"status-publish","4":"format-standard","5":"has-post-thumbnail","7":"category-sverige","8":"tag-breaking-news","9":"tag-breakingnews","10":"tag-featured-news","11":"tag-featurednews","12":"tag-headlines","13":"tag-huvudnyheter","14":"tag-latest-news","15":"tag-latestnews","16":"tag-main-news","17":"tag-mainnews","18":"tag-news","19":"tag-nyheter","20":"tag-rubriker","21":"tag-se","22":"tag-svenska","23":"tag-sverige","24":"tag-sweden","25":"tag-swedish","26":"tag-top-stories","27":"tag-topstories"},"share_on_mastodon":{"url":"https:\/\/pubeurope.com\/@se\/115748304575183998","error":""},"_links":{"self":[{"href":"https:\/\/www.europesays.com\/se\/wp-json\/wp\/v2\/posts\/111536","targetHints":{"allow":["GET"]}}],"collection":[{"href":"https:\/\/www.europesays.com\/se\/wp-json\/wp\/v2\/posts"}],"about":[{"href":"https:\/\/www.europesays.com\/se\/wp-json\/wp\/v2\/types\/post"}],"author":[{"embeddable":true,"href":"https:\/\/www.europesays.com\/se\/wp-json\/wp\/v2\/users\/2"}],"replies":[{"embeddable":true,"href":"https:\/\/www.europesays.com\/se\/wp-json\/wp\/v2\/comments?post=111536"}],"version-history":[{"count":0,"href":"https:\/\/www.europesays.com\/se\/wp-json\/wp\/v2\/posts\/111536\/revisions"}],"wp:featuredmedia":[{"embeddable":true,"href":"https:\/\/www.europesays.com\/se\/wp-json\/wp\/v2\/media\/793"}],"wp:attachment":[{"href":"https:\/\/www.europesays.com\/se\/wp-json\/wp\/v2\/media?parent=111536"}],"wp:term":[{"taxonomy":"category","embeddable":true,"href":"https:\/\/www.europesays.com\/se\/wp-json\/wp\/v2\/categories?post=111536"},{"taxonomy":"post_tag","embeddable":true,"href":"https:\/\/www.europesays.com\/se\/wp-json\/wp\/v2\/tags?post=111536"}],"curies":[{"name":"wp","href":"https:\/\/api.w.org\/{rel}","templated":true}]}}