{"id":111537,"date":"2025-12-19T21:15:25","date_gmt":"2025-12-19T21:15:25","guid":{"rendered":"https:\/\/www.europesays.com\/se\/111537\/"},"modified":"2025-12-19T21:15:25","modified_gmt":"2025-12-19T21:15:25","slug":"easyjet-flyg-forsenat-efter-dodsfall-ombord-pa-planet","status":"publish","type":"post","link":"https:\/\/www.europesays.com\/se\/111537\/","title":{"rendered":"EasyJet flyg f\u00f6rsenat efter d\u00f6dsfall ombord p\u00e5 planet"},"content":{"rendered":"<p>Publicerad 19 dec 2025 kl 19.02Uppdaterad kl 20.22<\/p>\n<p>En brittisk familj anklagas f\u00f6r att ha rullat ombord sin 89-\u00e5riga mormor p\u00e5 ett Easyjet-flyg.\u00a0<\/p>\n<p>Problemet?<\/p>\n<p>Hon ska ha varit avliden.<\/p>\n<p><img   alt=\"\"\/><\/p>\n<p>Det var p\u00e5 ett Easyjet-plan som den d\u00f6da kvinnan p\u00e5st\u00e5s ha rullats ombord.<\/p>\n<p>Foto: ECONOMOU \/ NURPHOTO \/ SHUTTERSTOCK EDITORIAL \/ IBL<\/p>\n<p>\u00d6ppna bild i helsk\u00e4rm<\/p>\n<p>Flyget var p\u00e5 v\u00e4g fr\u00e5n Spanien till London. Redan vid ombordstigningen reagerade flera passagerare n\u00e4r den 89-\u00e5riga kvinnan rullades ombord i rullstol, lyftes ner i ett s\u00e4te l\u00e4ngst bak i planet och upplevdes som livl\u00f6s, n\u00e5got som <a href=\"https:\/\/www.dailymail.co.uk\/news\/article-15398909\/British-family-accused-wheeling-DEAD-grandmother-easyJet-flight-Spain-telling-cabin-crew-tired.html\" rel=\"nofollow noopener\" target=\"_blank\">Daily Mail<\/a> rapporterat om.<\/p>\n<p>\u2013 Alla sa \u201dhon ser d\u00f6d ut\u201d, s\u00e4ger ett vittne.<\/p>\n<p>Enligt flera passagerare ifr\u00e5gasatte markpersonal kvinnans tillst\u00e5nd redan vid boarding. Familjen ska d\u00e5 ha f\u00f6rs\u00e4krat att hon var vid liv \u2013 och bara utmattad.<\/p>\n<p>\u2013 Jag h\u00f6rde n\u00e5gon i familjen s\u00e4ga: \u201dDet \u00e4r okej, vi \u00e4r l\u00e4kare\u201d, ber\u00e4ttar en annan passagerare.<\/p>\n<p>Trots misstankarna b\u00f6rjade planet rulla ut mot startbanan. D\u00e5 stoppades det sekunder f\u00f6re takeoff n\u00e4r kabinpersonalen slog larm \u2013 kvinnan var d\u00f6d.<\/p>\n<p>12 timmars f\u00f6rsening<\/p>\n<p>Flyget v\u00e4nde tillbaka till gaten och samtliga passagerare fick l\u00e4mna planet. Avg\u00e5ngen, som skulle ha skett strax efter klockan 11 p\u00e5 f\u00f6rmiddagen, blev \u00f6ver tolv timmar f\u00f6rsenad.<\/p>\n<p>Planet lyfte f\u00f6rst klockan 22.47 p\u00e5 kv\u00e4llen och landade p\u00e5 Gatwick runt midnatt.<\/p>\n<p>\u2013 De sl\u00e4pper inte p\u00e5 dig om du \u00e4r berusad, men tydligen om du \u00e4r d\u00f6d, s\u00e4ger en rasande passagerare i en video som sprids i sociala medier.<\/p>\n<p>Flera resen\u00e4rer vittnar om att kvinnan var slapp i kroppen, med h\u00e4ngande huvud.<\/p>\n<p>Easyjet: \u201dHon var vid liv\u201d<\/p>\n<p><a href=\"https:\/\/www.expressen.se\/tagg\/organization\/easyjet\/\" class=\"\" rel=\"nofollow noopener\" target=\"_blank\">Easyjet<\/a> sl\u00e5r dock tillbaka mot anklagelserna.<\/p>\n<p>Flygbolaget uppger att kvinnan hade ett \u201dfit-to-fly-intyg\u201d och att hon var vid liv n\u00e4r hon gick ombord.<\/p>\n<p>\u2013 Flyget \u00e5terv\u00e4nde till gaten p\u00e5 grund av en passagerare som beh\u00f6vde akut medicinsk hj\u00e4lp. Trots insatser fr\u00e5n r\u00e4ddningstj\u00e4nst avled personen ombord, s\u00e4ger en talesperson till Daily Mail.<\/p>\n<p>Spansk polis bekr\u00e4ftar att de kallades till planet och att kvinnan f\u00f6rklarades d\u00f6d ombord.<\/p>\n<p>Det \u00e4r oklart vad som h\u00e4nde med kvinnans kropp efter\u00e5t och om familjen riskerar r\u00e4ttsliga f\u00f6ljder. Enligt uppgifter ska de inte ha gripits.<\/p>\n<p>Normalt g\u00e4ller strikta regler f\u00f6r att transportera m\u00e4nskliga kvarlevor \u00f6ver landsgr\u00e4nser, ofta i lastutrymmen och efter formell registrering av d\u00f6dsfallet.<\/p>\n","protected":false},"excerpt":{"rendered":"Publicerad 19 dec 2025 kl 19.02Uppdaterad kl 20.22 En brittisk familj anklagas f\u00f6r att ha rullat ombord sin&hellip;\n","protected":false},"author":2,"featured_media":111538,"comment_status":"","ping_status":"","sticky":false,"template":"","format":"standard","meta":{"footnotes":""},"categories":[5],"tags":[22,23,26,27,17,21,24,25,433,498,28,29,15,16,12293,18,34,55,31,33,32,30,19,427,378,20],"class_list":{"0":"post-111537","1":"post","2":"type-post","3":"status-publish","4":"format-standard","5":"has-post-thumbnail","7":"category-rubriker","8":"tag-breaking-news","9":"tag-breakingnews","10":"tag-featured-news","11":"tag-featurednews","12":"tag-headlines","13":"tag-huvudnyheter","14":"tag-latest-news","15":"tag-latestnews","16":"tag-location-london","17":"tag-location-spanien","18":"tag-main-news","19":"tag-mainnews","20":"tag-news","21":"tag-nyheter","22":"tag-organization-easyjet","23":"tag-rubriker","24":"tag-se","25":"tag-sections-varlden","26":"tag-svenska","27":"tag-sverige","28":"tag-sweden","29":"tag-swedish","30":"tag-top-stories","31":"tag-topic-dodsfall","32":"tag-topic-flygtrafik","33":"tag-topstories"},"share_on_mastodon":{"url":"https:\/\/pubeurope.com\/@se\/115748308484276676","error":""},"_links":{"self":[{"href":"https:\/\/www.europesays.com\/se\/wp-json\/wp\/v2\/posts\/111537","targetHints":{"allow":["GET"]}}],"collection":[{"href":"https:\/\/www.europesays.com\/se\/wp-json\/wp\/v2\/posts"}],"about":[{"href":"https:\/\/www.europesays.com\/se\/wp-json\/wp\/v2\/types\/post"}],"author":[{"embeddable":true,"href":"https:\/\/www.europesays.com\/se\/wp-json\/wp\/v2\/users\/2"}],"replies":[{"embeddable":true,"href":"https:\/\/www.europesays.com\/se\/wp-json\/wp\/v2\/comments?post=111537"}],"version-history":[{"count":0,"href":"https:\/\/www.europesays.com\/se\/wp-json\/wp\/v2\/posts\/111537\/revisions"}],"wp:featuredmedia":[{"embeddable":true,"href":"https:\/\/www.europesays.com\/se\/wp-json\/wp\/v2\/media\/111538"}],"wp:attachment":[{"href":"https:\/\/www.europesays.com\/se\/wp-json\/wp\/v2\/media?parent=111537"}],"wp:term":[{"taxonomy":"category","embeddable":true,"href":"https:\/\/www.europesays.com\/se\/wp-json\/wp\/v2\/categories?post=111537"},{"taxonomy":"post_tag","embeddable":true,"href":"https:\/\/www.europesays.com\/se\/wp-json\/wp\/v2\/tags?post=111537"}],"curies":[{"name":"wp","href":"https:\/\/api.w.org\/{rel}","templated":true}]}}