{"id":111541,"date":"2025-12-19T21:22:12","date_gmt":"2025-12-19T21:22:12","guid":{"rendered":"https:\/\/www.europesays.com\/se\/111541\/"},"modified":"2025-12-19T21:22:12","modified_gmt":"2025-12-19T21:22:12","slug":"foraldrar-skadade-spadbarn-tva-domda","status":"publish","type":"post","link":"https:\/\/www.europesays.com\/se\/111541\/","title":{"rendered":"F\u00f6r\u00e4ldrar skadade sp\u00e4dbarn \u2013 tv\u00e5 d\u00f6mda"},"content":{"rendered":"<p>share-arrowDela<\/p>\n<p>unsaveSpara<\/p>\n<p>expand-left<\/p>\n<p>helsk\u00e4rm<img decoding=\"async\" class=\"image-asset hyperion-css-u06ts1\" data-test-tag=\"image-asset\" src=\"https:\/\/www.europesays.com\/se\/wp-content\/uploads\/2025\/12\/0ace0ff3-1254-4e7a-bd81-00514467916a\"  alt=\"Ett f\u00f6r\u00e4ldrapar d\u00f6ms f\u00f6r att ha skadat sitt sp\u00e4dbarn. Arkivbild.\"  loading=\"eager\" fetchpriority=\"high\" style=\"aspect-ratio:1900 \/ 1265\"\/>Ett f\u00f6r\u00e4ldrapar d\u00f6ms f\u00f6r att ha skadat sitt sp\u00e4dbarn. Arkivbild. Foto: Jessica Gow\/TT<\/p>\n<p class=\"hyperion-css-1shl3oz\" data-test-tag=\"lead-text\">Ett f\u00f6r\u00e4ldrapar i V\u00e4sternorrland d\u00f6ms f\u00f6r att ha skadat sitt sp\u00e4dbarn, rapporterar lokala medier.<\/p>\n<p class=\"hyperion-css-1v9qo5x\">I b\u00f6rjan av \u00e5ret larmade en l\u00e4kare p\u00e5 ett sjukhus polisen sedan det uppt\u00e4ckts bl\u00f6dningar mellan hj\u00e4rnan och skallbenet p\u00e5 sp\u00e4dbarnet. Barnet hade ocks\u00e5 ett f\u00f6rstorat huvud, n\u00e5got som kunde ha orsakats av bl\u00f6dningar.<\/p>\n<p class=\"hyperion-css-1v9qo5x\">F\u00f6r\u00e4ldrarna, som b\u00e5da f\u00f6rnekar brott, \u00e5talades f\u00f6r grov misshandel.<\/p>\n<p class=\"hyperion-css-1v9qo5x\">Nu d\u00f6ms de till skyddstillsyn f\u00f6r v\u00e5llande till kroppsskada eftersom tingsr\u00e4tten anser att det inte g\u00e5tt att bevisa att f\u00f6r\u00e4ldrarna haft f\u00f6r avsikt att skada barnet. De ska \u00e4ven betala skadest\u00e5nd p\u00e5 115\u00a0000 kronor.<\/p>\n","protected":false},"excerpt":{"rendered":"share-arrowDela unsaveSpara expand-left helsk\u00e4rmEtt f\u00f6r\u00e4ldrapar d\u00f6ms f\u00f6r att ha skadat sitt sp\u00e4dbarn. Arkivbild. Foto: Jessica Gow\/TT Ett f\u00f6r\u00e4ldrapar&hellip;\n","protected":false},"author":2,"featured_media":111542,"comment_status":"","ping_status":"","sticky":false,"template":"","format":"standard","meta":{"footnotes":""},"categories":[14],"tags":[22,23,26,27,17,21,24,25,28,29,15,16,18,34,31,33,32,30,19,20,51,52,53,54],"class_list":{"0":"post-111541","1":"post","2":"type-post","3":"status-publish","4":"format-standard","5":"has-post-thumbnail","7":"category-varlden","8":"tag-breaking-news","9":"tag-breakingnews","10":"tag-featured-news","11":"tag-featurednews","12":"tag-headlines","13":"tag-huvudnyheter","14":"tag-latest-news","15":"tag-latestnews","16":"tag-main-news","17":"tag-mainnews","18":"tag-news","19":"tag-nyheter","20":"tag-rubriker","21":"tag-se","22":"tag-svenska","23":"tag-sverige","24":"tag-sweden","25":"tag-swedish","26":"tag-top-stories","27":"tag-topstories","28":"tag-varlden","29":"tag-world","30":"tag-world-news","31":"tag-worldnews"},"share_on_mastodon":{"url":"https:\/\/pubeurope.com\/@se\/115748336251573864","error":""},"_links":{"self":[{"href":"https:\/\/www.europesays.com\/se\/wp-json\/wp\/v2\/posts\/111541","targetHints":{"allow":["GET"]}}],"collection":[{"href":"https:\/\/www.europesays.com\/se\/wp-json\/wp\/v2\/posts"}],"about":[{"href":"https:\/\/www.europesays.com\/se\/wp-json\/wp\/v2\/types\/post"}],"author":[{"embeddable":true,"href":"https:\/\/www.europesays.com\/se\/wp-json\/wp\/v2\/users\/2"}],"replies":[{"embeddable":true,"href":"https:\/\/www.europesays.com\/se\/wp-json\/wp\/v2\/comments?post=111541"}],"version-history":[{"count":0,"href":"https:\/\/www.europesays.com\/se\/wp-json\/wp\/v2\/posts\/111541\/revisions"}],"wp:featuredmedia":[{"embeddable":true,"href":"https:\/\/www.europesays.com\/se\/wp-json\/wp\/v2\/media\/111542"}],"wp:attachment":[{"href":"https:\/\/www.europesays.com\/se\/wp-json\/wp\/v2\/media?parent=111541"}],"wp:term":[{"taxonomy":"category","embeddable":true,"href":"https:\/\/www.europesays.com\/se\/wp-json\/wp\/v2\/categories?post=111541"},{"taxonomy":"post_tag","embeddable":true,"href":"https:\/\/www.europesays.com\/se\/wp-json\/wp\/v2\/tags?post=111541"}],"curies":[{"name":"wp","href":"https:\/\/api.w.org\/{rel}","templated":true}]}}