{"id":111543,"date":"2025-12-19T21:23:17","date_gmt":"2025-12-19T21:23:17","guid":{"rendered":"https:\/\/www.europesays.com\/se\/111543\/"},"modified":"2025-12-19T21:23:17","modified_gmt":"2025-12-19T21:23:17","slug":"kvinnor-anhallna-efter-oxie-mord-svt-nyheter","status":"publish","type":"post","link":"https:\/\/www.europesays.com\/se\/111543\/","title":{"rendered":"Kvinnor anh\u00e5llna efter Oxie-mord | SVT Nyheter"},"content":{"rendered":"<p>Tv\u00e5 kvinnor i 20-\u00e5rs\u00e5ldern \u00e4r anh\u00e5llna misst\u00e4nkta f\u00f6r inblandning i d\u00e5det i Malm\u00f6 tidigare i december d\u00e5 en ung man sk\u00f6ts ihj\u00e4l. \u00c5klagaren kommer troligen beg\u00e4ra dem h\u00e4ktade under dagen. Kvinnorna \u00e4r misst\u00e4nkta f\u00f6r medhj\u00e4lp till det mord och de mordf\u00f6rs\u00f6k som utf\u00f6rdes av en blott tolv\u00e5rig pojke. <\/p>\n<p>D\u00e5 han inte \u00e4r straffmyndig har han omh\u00e4ndertagits av sociala myndigheter. Barnet kopplas till n\u00e4tverket Foxtrot. Han ska tidigare ha tagit p\u00e5 sig morduppdrag som han sedan inte utf\u00f6rt, och har troligen blivit hotad och pressad till att beg\u00e5 mordet i Oxie.<\/p>\n","protected":false},"excerpt":{"rendered":"Tv\u00e5 kvinnor i 20-\u00e5rs\u00e5ldern \u00e4r anh\u00e5llna misst\u00e4nkta f\u00f6r inblandning i d\u00e5det i Malm\u00f6 tidigare i december d\u00e5 en&hellip;\n","protected":false},"author":2,"featured_media":793,"comment_status":"","ping_status":"","sticky":false,"template":"","format":"standard","meta":{"footnotes":""},"categories":[12],"tags":[22,23,26,27,17,21,24,25,28,29,15,16,18,34,31,33,32,30,19,20],"class_list":{"0":"post-111543","1":"post","2":"type-post","3":"status-publish","4":"format-standard","5":"has-post-thumbnail","7":"category-sverige","8":"tag-breaking-news","9":"tag-breakingnews","10":"tag-featured-news","11":"tag-featurednews","12":"tag-headlines","13":"tag-huvudnyheter","14":"tag-latest-news","15":"tag-latestnews","16":"tag-main-news","17":"tag-mainnews","18":"tag-news","19":"tag-nyheter","20":"tag-rubriker","21":"tag-se","22":"tag-svenska","23":"tag-sverige","24":"tag-sweden","25":"tag-swedish","26":"tag-top-stories","27":"tag-topstories"},"share_on_mastodon":{"url":"https:\/\/pubeurope.com\/@se\/115748339907614889","error":""},"_links":{"self":[{"href":"https:\/\/www.europesays.com\/se\/wp-json\/wp\/v2\/posts\/111543","targetHints":{"allow":["GET"]}}],"collection":[{"href":"https:\/\/www.europesays.com\/se\/wp-json\/wp\/v2\/posts"}],"about":[{"href":"https:\/\/www.europesays.com\/se\/wp-json\/wp\/v2\/types\/post"}],"author":[{"embeddable":true,"href":"https:\/\/www.europesays.com\/se\/wp-json\/wp\/v2\/users\/2"}],"replies":[{"embeddable":true,"href":"https:\/\/www.europesays.com\/se\/wp-json\/wp\/v2\/comments?post=111543"}],"version-history":[{"count":0,"href":"https:\/\/www.europesays.com\/se\/wp-json\/wp\/v2\/posts\/111543\/revisions"}],"wp:featuredmedia":[{"embeddable":true,"href":"https:\/\/www.europesays.com\/se\/wp-json\/wp\/v2\/media\/793"}],"wp:attachment":[{"href":"https:\/\/www.europesays.com\/se\/wp-json\/wp\/v2\/media?parent=111543"}],"wp:term":[{"taxonomy":"category","embeddable":true,"href":"https:\/\/www.europesays.com\/se\/wp-json\/wp\/v2\/categories?post=111543"},{"taxonomy":"post_tag","embeddable":true,"href":"https:\/\/www.europesays.com\/se\/wp-json\/wp\/v2\/tags?post=111543"}],"curies":[{"name":"wp","href":"https:\/\/api.w.org\/{rel}","templated":true}]}}