{"id":111546,"date":"2025-12-19T21:30:13","date_gmt":"2025-12-19T21:30:13","guid":{"rendered":"https:\/\/www.europesays.com\/se\/111546\/"},"modified":"2025-12-19T21:30:13","modified_gmt":"2025-12-19T21:30:13","slug":"trumplagret-slapper-in-europa-i-forhandlingarna","status":"publish","type":"post","link":"https:\/\/www.europesays.com\/se\/111546\/","title":{"rendered":"Trumpl\u00e4gret sl\u00e4pper in Europa i f\u00f6rhandlingarna"},"content":{"rendered":"<p>Ukrainas europeiska allierade deltar i fredagens fredsf\u00f6rhandlingar i USA. Det uppger Ukrainas chefsf\u00f6rhandlare Rustem Umerov p\u00e5 X.<\/p>\n<p>Det uppges r\u00f6ra sig om Storbritanniens, Tysklands och Frankrikes nationella s\u00e4kerhetsr\u00e5dgivare. De bj\u00f6ds in av USA, skriver Umerov.<\/p>\n<p>Den senaste tidens fredsf\u00f6rhandlingar har h\u00e5llits mellan USA:s f\u00f6rhandlare, s\u00e4ndebudet Steve Witkoff och Trumps sv\u00e4rson Jared Kushner, och ukrainska eller ryska delegationer. Det finns inga planer p\u00e5 ett trilateralt m\u00f6te.<\/p>\n<p>USA och Ryssland ska ocks\u00e5 h\u00e5lla nya f\u00f6rhandlingar i Miami i helgen, skriver Reuters.<\/p>\n<p>Omni \u00e4r politiskt obundna och oberoende. Vi str\u00e4var efter att ge fler perspektiv p\u00e5 nyheterna. Har du fr\u00e5gor eller synpunkter kring v\u00e5r rapportering? <a href=\"https:\/\/omni.se\/trumplagret-slapper-in-europa-i-forhandlingarna\/a\/mailto:redaktion@omni.se\" class=\"ArticleActions_contactLink__W2F1M\" rel=\"nofollow noopener\" target=\"_blank\">Kontakta redaktionen<\/a><\/p>\n","protected":false},"excerpt":{"rendered":"Ukrainas europeiska allierade deltar i fredagens fredsf\u00f6rhandlingar i USA. Det uppger Ukrainas chefsf\u00f6rhandlare Rustem Umerov p\u00e5 X. Det&hellip;\n","protected":false},"author":2,"featured_media":111547,"comment_status":"","ping_status":"","sticky":false,"template":"","format":"standard","meta":{"footnotes":""},"categories":[14],"tags":[22,23,267,26,27,266,17,21,10798,24,25,28,29,15,16,18,269,264,34,9122,593,31,33,32,30,19,20,408,263,74,51,52,53,54],"class_list":{"0":"post-111546","1":"post","2":"type-post","3":"status-publish","4":"format-standard","5":"has-post-thumbnail","7":"category-varlden","8":"tag-breaking-news","9":"tag-breakingnews","10":"tag-europa","11":"tag-featured-news","12":"tag-featurednews","13":"tag-frankrike","14":"tag-headlines","15":"tag-huvudnyheter","16":"tag-jared-kushner","17":"tag-latest-news","18":"tag-latestnews","19":"tag-main-news","20":"tag-mainnews","21":"tag-news","22":"tag-nyheter","23":"tag-rubriker","24":"tag-ryska-invasionen","25":"tag-ryssland","26":"tag-se","27":"tag-steve-witkoff","28":"tag-storbritannien","29":"tag-svenska","30":"tag-sverige","31":"tag-sweden","32":"tag-swedish","33":"tag-top-stories","34":"tag-topstories","35":"tag-tyskland","36":"tag-ukraina","37":"tag-usa","38":"tag-varlden","39":"tag-world","40":"tag-world-news","41":"tag-worldnews"},"share_on_mastodon":{"url":"https:\/\/pubeurope.com\/@se\/115748367407155477","error":""},"_links":{"self":[{"href":"https:\/\/www.europesays.com\/se\/wp-json\/wp\/v2\/posts\/111546","targetHints":{"allow":["GET"]}}],"collection":[{"href":"https:\/\/www.europesays.com\/se\/wp-json\/wp\/v2\/posts"}],"about":[{"href":"https:\/\/www.europesays.com\/se\/wp-json\/wp\/v2\/types\/post"}],"author":[{"embeddable":true,"href":"https:\/\/www.europesays.com\/se\/wp-json\/wp\/v2\/users\/2"}],"replies":[{"embeddable":true,"href":"https:\/\/www.europesays.com\/se\/wp-json\/wp\/v2\/comments?post=111546"}],"version-history":[{"count":0,"href":"https:\/\/www.europesays.com\/se\/wp-json\/wp\/v2\/posts\/111546\/revisions"}],"wp:featuredmedia":[{"embeddable":true,"href":"https:\/\/www.europesays.com\/se\/wp-json\/wp\/v2\/media\/111547"}],"wp:attachment":[{"href":"https:\/\/www.europesays.com\/se\/wp-json\/wp\/v2\/media?parent=111546"}],"wp:term":[{"taxonomy":"category","embeddable":true,"href":"https:\/\/www.europesays.com\/se\/wp-json\/wp\/v2\/categories?post=111546"},{"taxonomy":"post_tag","embeddable":true,"href":"https:\/\/www.europesays.com\/se\/wp-json\/wp\/v2\/tags?post=111546"}],"curies":[{"name":"wp","href":"https:\/\/api.w.org\/{rel}","templated":true}]}}