{"id":111550,"date":"2025-12-19T21:38:23","date_gmt":"2025-12-19T21:38:23","guid":{"rendered":"https:\/\/www.europesays.com\/se\/111550\/"},"modified":"2025-12-19T21:38:23","modified_gmt":"2025-12-19T21:38:23","slug":"jag-stodjer-vance-i-nasta-presidentval","status":"publish","type":"post","link":"https:\/\/www.europesays.com\/se\/111550\/","title":{"rendered":"Jag st\u00f6djer Vance i n\u00e4sta presidentval"},"content":{"rendered":"<p>Den m\u00f6rdade h\u00f6geraktivisten Charlie Kirks organisation Turning Point USA har redan beslutat vem man vill se som n\u00e4sta president. Det meddelade \u00e4nkan Erika Kirk, som tagit \u00f6ver ordf\u00f6randeskapet, i\u202fnatt.<\/p>\n<p>\u2013 Vi kommer att se till att min makes v\u00e4n JD Vance blir vald, sa Kirk p\u00e5 ett m\u00f6te i Phoenix, enligt Washington Post.<\/p>\n<p>Turning Point USA \u00e4r en av de allra mest inflytelserika organisationerna i den amerikanska h\u00f6gern och beskedet ger Vance en rej\u00e4l skjuts i kampen om vem som blir Republikanernas n\u00e4sta presidentkandidat, skriver tidningen.<\/p>\n<p>Omni \u00e4r politiskt obundna och oberoende. Vi str\u00e4var efter att ge fler perspektiv p\u00e5 nyheterna. Har du fr\u00e5gor eller synpunkter kring v\u00e5r rapportering? <a href=\"https:\/\/omni.se\/kirks-anka-jag-stodjer-vance-i-nasta-presidentval\/a\/mailto:redaktion@omni.se\" class=\"ArticleActions_contactLink__W2F1M\" rel=\"nofollow noopener\" target=\"_blank\">Kontakta redaktionen<\/a><\/p>\n","protected":false},"excerpt":{"rendered":"Den m\u00f6rdade h\u00f6geraktivisten Charlie Kirks organisation Turning Point USA har redan beslutat vem man vill se som n\u00e4sta&hellip;\n","protected":false},"author":2,"featured_media":111551,"comment_status":"","ping_status":"","sticky":false,"template":"","format":"standard","meta":{"footnotes":""},"categories":[14],"tags":[387,22,23,3302,26,27,17,21,403,24,25,28,29,15,268,16,18,34,31,33,32,30,19,20,74,51,52,53,54],"class_list":{"0":"post-111550","1":"post","2":"type-post","3":"status-publish","4":"format-standard","5":"has-post-thumbnail","7":"category-varlden","8":"tag-amerikansk-politik","9":"tag-breaking-news","10":"tag-breakingnews","11":"tag-charlie-kirk","12":"tag-featured-news","13":"tag-featurednews","14":"tag-headlines","15":"tag-huvudnyheter","16":"tag-jd-vance","17":"tag-latest-news","18":"tag-latestnews","19":"tag-main-news","20":"tag-mainnews","21":"tag-news","22":"tag-nordamerika","23":"tag-nyheter","24":"tag-rubriker","25":"tag-se","26":"tag-svenska","27":"tag-sverige","28":"tag-sweden","29":"tag-swedish","30":"tag-top-stories","31":"tag-topstories","32":"tag-usa","33":"tag-varlden","34":"tag-world","35":"tag-world-news","36":"tag-worldnews"},"share_on_mastodon":{"url":"https:\/\/pubeurope.com\/@se\/115748398919174507","error":""},"_links":{"self":[{"href":"https:\/\/www.europesays.com\/se\/wp-json\/wp\/v2\/posts\/111550","targetHints":{"allow":["GET"]}}],"collection":[{"href":"https:\/\/www.europesays.com\/se\/wp-json\/wp\/v2\/posts"}],"about":[{"href":"https:\/\/www.europesays.com\/se\/wp-json\/wp\/v2\/types\/post"}],"author":[{"embeddable":true,"href":"https:\/\/www.europesays.com\/se\/wp-json\/wp\/v2\/users\/2"}],"replies":[{"embeddable":true,"href":"https:\/\/www.europesays.com\/se\/wp-json\/wp\/v2\/comments?post=111550"}],"version-history":[{"count":0,"href":"https:\/\/www.europesays.com\/se\/wp-json\/wp\/v2\/posts\/111550\/revisions"}],"wp:featuredmedia":[{"embeddable":true,"href":"https:\/\/www.europesays.com\/se\/wp-json\/wp\/v2\/media\/111551"}],"wp:attachment":[{"href":"https:\/\/www.europesays.com\/se\/wp-json\/wp\/v2\/media?parent=111550"}],"wp:term":[{"taxonomy":"category","embeddable":true,"href":"https:\/\/www.europesays.com\/se\/wp-json\/wp\/v2\/categories?post=111550"},{"taxonomy":"post_tag","embeddable":true,"href":"https:\/\/www.europesays.com\/se\/wp-json\/wp\/v2\/tags?post=111550"}],"curies":[{"name":"wp","href":"https:\/\/api.w.org\/{rel}","templated":true}]}}