{"id":111552,"date":"2025-12-19T21:42:19","date_gmt":"2025-12-19T21:42:19","guid":{"rendered":"https:\/\/www.europesays.com\/se\/111552\/"},"modified":"2025-12-19T21:42:19","modified_gmt":"2025-12-19T21:42:19","slug":"buffalo-sabres-slapper-inte-konsta-helenius-till-jvm-han-ar-valdigt-nara-en-plats-i-nhl-sport","status":"publish","type":"post","link":"https:\/\/www.europesays.com\/se\/111552\/","title":{"rendered":"Buffalo Sabres sl\u00e4pper inte Konsta Helenius till JVM: \u201dHan \u00e4r v\u00e4ldigt n\u00e4ra en plats i NHL\u201d | Sport"},"content":{"rendered":"<p class=\"aw-1gybjub aw-5vja16 kEtdKx kmuxyA yle__article__paragraph\">Konsta Helenius kommer inte att f\u00f6rst\u00e4rka Juniorlejonen i JVM. Det beskedet gav Buffalos GM Jarmo Kek\u00e4l\u00e4inen i dag.<\/p>\n<p><img decoding=\"async\" alt=\"Konsta Helenius i AHL.\" src=\"https:\/\/www.europesays.com\/se\/wp-content\/uploads\/2025\/12\/39-1572912694572645e575.jpeg\" class=\"aw-1l9m598 hKVVvP\"\/><\/p>\n<p>\u00d6ppna bildvisare<\/p>\n<p>Konsta Helenius ska fokusera p\u00e5 matcherna i AHL och tvingas f\u00f6lja JVM fr\u00e5n tv-soffan. Bild: Alamy\/All Over PressLyssna (du h\u00f6r en artificiell r\u00f6st) 1:58<\/p>\n<p class=\"aw-1gybjub aw-1p7kakr kEtdKx cEmitX yle__article__paragraph\">Det fanns f\u00f6rhoppningar om att Buffalo Sabres nytilltr\u00e4dde general manager Jarmo Kek\u00e4l\u00e4inen skulle sl\u00e4ppa Konsta Helenius till junior-VM, men s\u00e5 blir det inte.<\/p>\n<p class=\"aw-1gybjub aw-1p7kakr kEtdKx cEmitX yle__article__paragraph\">Helenius kommer att stanna kvar i klubbmilj\u00f6n under m\u00e4sterskapet. Det bekr\u00e4ftade Kek\u00e4l\u00e4inen p\u00e5 en presstr\u00e4ff f\u00f6r finl\u00e4ndska medier i dag.<\/p>\n<p class=\"aw-1gybjub aw-1p7kakr kEtdKx cEmitX yle__article__paragraph\">\u2013 Vi har best\u00e4mt att han ska fokusera p\u00e5 klubben. Han g\u00f6r en v\u00e4ldigt bra s\u00e4song i AHL och \u00e4r v\u00e4ldigt n\u00e4ra en plats i NHL, s\u00e4ger Kek\u00e4l\u00e4inen.<\/p>\n<p class=\"aw-1gybjub aw-1p7kakr kEtdKx cEmitX yle__article__paragraph\">Kek\u00e4l\u00e4inen p\u00e5pekar ocks\u00e5 att Helenius har spelat f\u00f6r landslaget tidigare. Han var med i JVM de tv\u00e5 senaste g\u00e5ngerna.<\/p>\n<p class=\"aw-1gybjub aw-1p7kakr kEtdKx cEmitX yle__article__paragraph\">\u2013 Visst skulle det vara v\u00e4ldigt bra f\u00f6r Finland om Konsta var med den h\u00e4r g\u00e5ngen, men han har varit med f\u00f6rr. Med tanke p\u00e5 hans karri\u00e4r \u00e4r det allra viktigaste att han f\u00e5r koncentrera sig p\u00e5 matcherna h\u00e4r, s\u00e4ger Kek\u00e4l\u00e4inen.<\/p>\n<p><img decoding=\"async\" alt=\"Jarmo Kek\u00e4l\u00e4inen fotograferas i ishallen.\" src=\"https:\/\/www.europesays.com\/se\/wp-content\/uploads\/2025\/12\/39-112651264819903e3e35.jpeg\" loading=\"lazy\" class=\"aw-1l9m598 hKVVvP\"\/><\/p>\n<p>\u00d6ppna bildvisare<\/p>\n<p>Jarmo Kek\u00e4l\u00e4inen viss se Konsta Helenius utvecklas i AHL. Bild: Petri Saarelainen \/ All Over PressN\u00e4r sker NHL-debuten?<\/p>\n<p class=\"aw-1gybjub aw-1p7kakr kEtdKx cEmitX yle__article__paragraph\">Konsta Helenius har gjort 24 po\u00e4ng p\u00e5 26 matcher f\u00f6r Rochester Americans i AHL den h\u00e4r s\u00e4songen.<\/p>\n<p class=\"aw-1gybjub aw-1p7kakr kEtdKx cEmitX yle__article__paragraph\">\u00c4ven om Kek\u00e4l\u00e4inen ser att Helenius har en framtid i NHL betyder det inte att debuten sker under JVM eller ens under den h\u00e4r s\u00e4songen.<\/p>\n<p class=\"aw-1gybjub aw-1p7kakr kEtdKx cEmitX yle__article__paragraph\">\u2013 Om vi plockar upp honom m\u00e5ste han f\u00e5 en ordentlig plats. Det \u00e4r meningsl\u00f6st att ta hit en spelare med den talangen f\u00f6r att spela i fj\u00e4rdekedjan och i \u00e5tta minuter per match. Det m\u00e5ste finnas en roll d\u00e4r han f\u00e5r visa sina styrkor, s\u00e4ger Kek\u00e4l\u00e4inen.<\/p>\n<p class=\"aw-1gybjub aw-1p7kakr kEtdKx cEmitX yle__article__paragraph\">Kek\u00e4l\u00e4inen betonar ocks\u00e5 att AHL \u00e4r en liga d\u00e4r Helenius kan utvecklas i r\u00e4tt takt och f\u00e5r ta ett stort ansvar p\u00e5 isen.<\/p>\n<p class=\"aw-1gybjub aw-1p7kakr kEtdKx cEmitX yle__article__paragraph\">\u2013 Det \u00e4r verkligen inte d\u00e5ligt f\u00f6r hans utveckling att spela ett \u00e5r till i Rochester. Han \u00e4r en ledande spelare i laget och f\u00e5r spela i f\u00f6rsta powerplay-formationen samt \u00e4ven en del i boxplay, s\u00e4ger Kek\u00e4l\u00e4inen.<\/p>\n","protected":false},"excerpt":{"rendered":"Konsta Helenius kommer inte att f\u00f6rst\u00e4rka Juniorlejonen i JVM. Det beskedet gav Buffalos GM Jarmo Kek\u00e4l\u00e4inen i dag.&hellip;\n","protected":false},"author":2,"featured_media":111553,"comment_status":"","ping_status":"","sticky":false,"template":"","format":"standard","meta":{"footnotes":""},"categories":[68],"tags":[12297,7634,12299,1472,3206,12296,12294,12295,12298,34,111,110,31,33,32,30,579],"class_list":{"0":"post-111552","1":"post","2":"type-post","3":"status-publish","4":"format-standard","5":"has-post-thumbnail","7":"category-sport","8":"tag-american-hockey-league","9":"tag-buffalo-sabres","10":"tag-finlands-herrjuniorlandslag-i-ishockey","11":"tag-ishockey","12":"tag-ishockeyspelare","13":"tag-jarmo-kekalainen","14":"tag-junior-vm-i-ishockey","15":"tag-konsta-helenius","16":"tag-rochester-americans","17":"tag-se","18":"tag-sport","19":"tag-sports","20":"tag-svenska","21":"tag-sverige","22":"tag-sweden","23":"tag-swedish","24":"tag-yle-sporten"},"share_on_mastodon":{"url":"https:\/\/pubeurope.com\/@se\/115748414805422687","error":""},"_links":{"self":[{"href":"https:\/\/www.europesays.com\/se\/wp-json\/wp\/v2\/posts\/111552","targetHints":{"allow":["GET"]}}],"collection":[{"href":"https:\/\/www.europesays.com\/se\/wp-json\/wp\/v2\/posts"}],"about":[{"href":"https:\/\/www.europesays.com\/se\/wp-json\/wp\/v2\/types\/post"}],"author":[{"embeddable":true,"href":"https:\/\/www.europesays.com\/se\/wp-json\/wp\/v2\/users\/2"}],"replies":[{"embeddable":true,"href":"https:\/\/www.europesays.com\/se\/wp-json\/wp\/v2\/comments?post=111552"}],"version-history":[{"count":0,"href":"https:\/\/www.europesays.com\/se\/wp-json\/wp\/v2\/posts\/111552\/revisions"}],"wp:featuredmedia":[{"embeddable":true,"href":"https:\/\/www.europesays.com\/se\/wp-json\/wp\/v2\/media\/111553"}],"wp:attachment":[{"href":"https:\/\/www.europesays.com\/se\/wp-json\/wp\/v2\/media?parent=111552"}],"wp:term":[{"taxonomy":"category","embeddable":true,"href":"https:\/\/www.europesays.com\/se\/wp-json\/wp\/v2\/categories?post=111552"},{"taxonomy":"post_tag","embeddable":true,"href":"https:\/\/www.europesays.com\/se\/wp-json\/wp\/v2\/tags?post=111552"}],"curies":[{"name":"wp","href":"https:\/\/api.w.org\/{rel}","templated":true}]}}