{"id":111556,"date":"2025-12-19T21:46:12","date_gmt":"2025-12-19T21:46:12","guid":{"rendered":"https:\/\/www.europesays.com\/se\/111556\/"},"modified":"2025-12-19T21:46:12","modified_gmt":"2025-12-19T21:46:12","slug":"de-wever-skaller-ut-tidning-efter-eu-beslut","status":"publish","type":"post","link":"https:\/\/www.europesays.com\/se\/111556\/","title":{"rendered":"De Wever sk\u00e4ller ut tidning efter EU-beslut"},"content":{"rendered":"<p>De Wever pratade i n\u00e4stan en timme p\u00e5 sin sena presskonferens efter EU-uppg\u00f6relsen om pengar till Ukraina under natten mot fredagen. Och han avslutade med en rej\u00e4l skrapa \u00e5t Brysselbaserade nyhetssajten Politico Europe.<\/p>\n<p>\u2013 Ah, det \u00e4r ni som publicerade en massa fina artiklar med fina rubriker och h\u00e4vdade att jag \u00e4r Rysslands mest v\u00e4rdefulla tillg\u00e5ng. Det kommer jag att komma ih\u00e5g, sade belgaren med kylig blick.<\/p>\n","protected":false},"excerpt":{"rendered":"De Wever pratade i n\u00e4stan en timme p\u00e5 sin sena presskonferens efter EU-uppg\u00f6relsen om pengar till Ukraina under&hellip;\n","protected":false},"author":2,"featured_media":111557,"comment_status":"","ping_status":"","sticky":false,"template":"","format":"standard","meta":{"footnotes":""},"categories":[14],"tags":[22,23,26,27,17,21,24,25,28,29,15,16,18,34,31,33,32,30,19,20,51,52,53,54],"class_list":{"0":"post-111556","1":"post","2":"type-post","3":"status-publish","4":"format-standard","5":"has-post-thumbnail","7":"category-varlden","8":"tag-breaking-news","9":"tag-breakingnews","10":"tag-featured-news","11":"tag-featurednews","12":"tag-headlines","13":"tag-huvudnyheter","14":"tag-latest-news","15":"tag-latestnews","16":"tag-main-news","17":"tag-mainnews","18":"tag-news","19":"tag-nyheter","20":"tag-rubriker","21":"tag-se","22":"tag-svenska","23":"tag-sverige","24":"tag-sweden","25":"tag-swedish","26":"tag-top-stories","27":"tag-topstories","28":"tag-varlden","29":"tag-world","30":"tag-world-news","31":"tag-worldnews"},"share_on_mastodon":{"url":"https:\/\/pubeurope.com\/@se\/115748430385907032","error":""},"_links":{"self":[{"href":"https:\/\/www.europesays.com\/se\/wp-json\/wp\/v2\/posts\/111556","targetHints":{"allow":["GET"]}}],"collection":[{"href":"https:\/\/www.europesays.com\/se\/wp-json\/wp\/v2\/posts"}],"about":[{"href":"https:\/\/www.europesays.com\/se\/wp-json\/wp\/v2\/types\/post"}],"author":[{"embeddable":true,"href":"https:\/\/www.europesays.com\/se\/wp-json\/wp\/v2\/users\/2"}],"replies":[{"embeddable":true,"href":"https:\/\/www.europesays.com\/se\/wp-json\/wp\/v2\/comments?post=111556"}],"version-history":[{"count":0,"href":"https:\/\/www.europesays.com\/se\/wp-json\/wp\/v2\/posts\/111556\/revisions"}],"wp:featuredmedia":[{"embeddable":true,"href":"https:\/\/www.europesays.com\/se\/wp-json\/wp\/v2\/media\/111557"}],"wp:attachment":[{"href":"https:\/\/www.europesays.com\/se\/wp-json\/wp\/v2\/media?parent=111556"}],"wp:term":[{"taxonomy":"category","embeddable":true,"href":"https:\/\/www.europesays.com\/se\/wp-json\/wp\/v2\/categories?post=111556"},{"taxonomy":"post_tag","embeddable":true,"href":"https:\/\/www.europesays.com\/se\/wp-json\/wp\/v2\/tags?post=111556"}],"curies":[{"name":"wp","href":"https:\/\/api.w.org\/{rel}","templated":true}]}}