{"id":111559,"date":"2025-12-19T21:50:36","date_gmt":"2025-12-19T21:50:36","guid":{"rendered":"https:\/\/www.europesays.com\/se\/111559\/"},"modified":"2025-12-19T21:50:36","modified_gmt":"2025-12-19T21:50:36","slug":"svenska-ilskan-efter-hoten-mot-justine-braisaz-bouchet-skidskytte","status":"publish","type":"post","link":"https:\/\/www.europesays.com\/se\/111559\/","title":{"rendered":"Svenska ilskan \u2013 efter hoten mot Justine Braisaz-Bouchet | Skidskytte"},"content":{"rendered":"<p>Publicerad 19 dec 2025 kl 11.17<\/p>\n<p>Justine Braisaz-Bouchets dotter \u00e4r snart tre \u00e5r gammal.\u00a0<\/p>\n<p>F\u00f6r bara ett par veckor sedan mottog skidskyttestj\u00e4rnan d\u00f6dshot mot dottern.\u00a0<\/p>\n<p>Det f\u00e5r de svenska \u00e5karna att reagera starkt.\u00a0<\/p>\n<p>\u2013\u00a0Det \u00e4r totalt oacceptabelt, s\u00e4ger Hanna \u00d6berg.\u00a0<\/p>\n<p><img   alt=\"\"\/><\/p>\n<p>Justines Braisaz-Bouchet.<\/p>\n<p>Foto: IMAGO\/GARNIER ETIENNE \/ IMAGO\/PRESSE SPORTS WWW.IMAGO-IMAGES.DE<\/p>\n<p>\u00d6ppna bild i helsk\u00e4rm<img loading=\"lazy\"   alt=\"\"\/><\/p>\n<p>Hanna \u00d6berg.<\/p>\n<p>Foto: Bj\u00f6rn Larsson Rosvall\/TT \/ TT NYHETSBYR\u00c5N<\/p>\n<p>\u00d6ppna bild i helsk\u00e4rm<img loading=\"lazy\"   alt=\"\"\/><\/p>\n<p>Justine Braisaz-Bouchet med dottern.<\/p>\n<p>Foto: Biathlon World<\/p>\n<p>\u00d6ppna bild i helsk\u00e4rm<\/p>\n<p>Under torsdagens sprint slutade den franska skidskytten Justine Braisaz-Bouchet p\u00e5 en sjundeplats.\u00a0<\/p>\n<p>En bra bit ifr\u00e5n segraren Hanna \u00d6berg, men hon var klart b\u00e4st av alla med en bom.\u00a0<\/p>\n<p>\u2013\u00a0Det var ett okej resultat, jag tyckte det var roligt att t\u00e4vla. Jag gjorde det jag skulle, s\u00e4ger Braisaz-Bouchet.\u00a0<\/p>\n<p>Flera tusen fransm\u00e4n hejade p\u00e5 fr\u00e5n l\u00e4ktaren och ute i sp\u00e5ret.\u00a0<\/p>\n<p>\u2013\u00a0Det \u00e4r fantastiskt att t\u00e4vla h\u00e4r, det \u00e4r ett galet st\u00f6d. Le Grand-Bornand \u00e4r v\u00e4ldigt n\u00e4ra d\u00e4r jag kommer i fr\u00e5n. S\u00e5 min familj \u00e4r h\u00e4r och man f\u00e5r extra energi av att komma hit.\u00a0<\/p>\n<p>Hon \u00e4r glad f\u00f6r st\u00f6det p\u00e5 l\u00e4ktaren.\u00a0<\/p>\n<p>De senaste veckorna och m\u00e5naderna har varit omtumlande.\u00a0<\/p>\n<p>F\u00f6rst r\u00e4tteg\u00e5ngen mot Julia Simon i den uppm\u00e4rksammade kreditkortsh\u00e4rvan, som ledde till tre m\u00e5naders villkorligt f\u00e4ngelse och 15 000 euro i b\u00f6ter \u2013 samt en sex m\u00e5nader l\u00e5ng avst\u00e4ngning, fem m\u00e5nader villkorligt, fr\u00e5n det franska skidf\u00f6rbundet.<\/p>\n<p>Sedan uppst\u00e5ndelsen kring Simons \u00e5terkomst till det franska laget f\u00f6rra helgen.\u00a0<\/p>\n<p>Men allra v\u00e4rst var det f\u00f6r Justine Braisaz-Bouchet efter t\u00e4vlingarna i \u00d6stersund i b\u00f6rjan p\u00e5 december.\u00a0<\/p>\n<p>\u201dF\u00e5tt mycket hotfulla meddelanden\u201d<\/p>\n<p>Trots att hon var del i lag som vann stafetten och mixedstafetten fick hon motta flera hotfulla meddelanden p\u00e5 sina sociala medier.\u00a0<\/p>\n<p>\u2013 De senaste \u00e5ren och framf\u00f6r allt de senaste veckorna har jag f\u00e5tt v\u00e4ldigt mycket hotfulla meddelanden, s\u00e4ger hon.\u00a0<\/p>\n<p>Ett var riktat mot hennes snart tre\u00e5riga dotter C\u00f4me, ett direkt d\u00f6dshot. Det f\u00f6rd\u00f6mdes av det franska skidskyttef\u00f6rbundet och lagkamraten Lou Jeanmonnot h\u00f6ll ett brandtal i fransk tv d\u00e4r hon kallade beteendet f\u00f6r <a href=\"https:\/\/rmcsport.bfmtv.com\/sports-d-hiver\/biathlon\/biathlon-elle-a-recu-des-menaces-de-mort-le-coup-de-gueule-de-jeanmonnot-sur-l-ambiance-en-equipe-de-france-et-le-traitement-autour-de-braisaz-bouchet_AV-202512120718.html\" rel=\"nofollow noopener\" target=\"_blank\">\u00e4ckligt.<\/a>\u00a0<\/p>\n<p>Men det gjorde ocks\u00e5 att Justine Braisaz-Bouchet valde att plocka bort sina sociala medier.\u00a0<\/p>\n<p>\u2013\u00a0Jag gjorde vad jag beh\u00f6vde f\u00f6r att f\u00f6rs\u00f6ka skydda mig sj\u00e4lv och min familj.\u00a0<\/p>\n<p><strong>Hur m\u00e5r du nu?\u00a0<\/strong><\/p>\n<p>\u2013 Just nu m\u00e5r jag bra, faktiskt. Jag vet vad jag beh\u00f6ver g\u00f6ra f\u00f6r att m\u00e5 bra och hur man kan ta ett steg tillbaka fr\u00e5n allt. Jag tycker att sociala medier kan vara intressant i vissa sammanhang med v\u00e4ldigt tufft i andra.\u00a0<\/p>\n<p>F\u00e5r st\u00f6d av systrarna \u00d6berg<\/p>\n<p>Att v\u00e4dra \u00e5sikter har blivit vanligare bland idrottare. De svenska skidskyttarna noterar d\u00e5 och d\u00e5 otrevliga kommenterar i sina fl\u00f6den.\u00a0<\/p>\n<p>\u2013 Jag fick meddelanden senast efter sprinten i Hochfilzen, d\u00e4r folk tycker att man \u00e4r kass. Jag tycker att det \u00e4r tr\u00e5kigt. Jag skulle s\u00e4ga att vi \u00e4r ganska bra \u00e4nd\u00e5, \u00e4ven om man har s\u00e4mre dagar. Speciellt n\u00e4r det g\u00e5r ut \u00f6ver, som f\u00f6r Justine, hennes dotter. Det \u00e4r helt galet att folk inte kan bete sig, s\u00e4ger Elvira \u00d6berg.\u00a0<\/p>\n<p>Storasyster Hanna \u00d6berg menar att det ocks\u00e5 dyker upp n\u00e5got meddelande n\u00e4r hon \u00e5kt s\u00e4mre, men att hon i det stora hela \u00e4r skonad mot det.\u00a0<\/p>\n<p>Men hon reagerar kraftigt p\u00e5 det som h\u00e4nt Braisaz-Bouchet.\u00a0<\/p>\n<p>\u2013 Jag tycker det \u00e4r helt sjukt. Det \u00e4r oacceptabelt. Vi h\u00e5ller p\u00e5 med idrott, det finns saker som \u00e4r mer p\u00e5 allvar \u00e4n det h\u00e4r. Och s\u00e4rskilt om det blir mot familj och s\u00e5nt, det \u00e4r helt oacceptabelt.\u00a0<\/p>\n<p>\u2013 Det \u00e4r aldrig att det \u00e4r okej att kasta skit p\u00e5 n\u00e5gon, jag tycker inte att det h\u00f6r hemma h\u00e4r.<\/p>\n<p><strong>L\u00c4S MER: <\/strong><a href=\"https:\/\/www.expressen.se\/sport\/skidskytte\/hanna-oberg-hyllas-vinner-sprinten\/\" class=\"\" rel=\"nofollow noopener\" target=\"_blank\">Hanna \u00d6berg hyllas \u2013 vinner sprinten<\/a><strong>L\u00c4S MER: <\/strong><a href=\"https:\/\/www.expressen.se\/sport\/skidskytte\/nationalsangskupp-i-svt-far-val-gora-sa-gott-de-kan\/\" class=\"\" rel=\"nofollow noopener\" target=\"_blank\">Nationals\u00e5ngskupp i SVT: \u201dF\u00e5r v\u00e4l g\u00f6ra s\u00e5 gott de kan\u201d<\/a><strong>L\u00c4S MER: <\/strong><a href=\"https:\/\/www.expressen.se\/sport\/skidskytte\/julia-simon-tillbaka-efter-skandalen\/\" class=\"\" rel=\"nofollow noopener\" target=\"_blank\">Julia Simon tillbaka efter skandalen<\/a><\/p>\n","protected":false},"excerpt":{"rendered":"Publicerad 19 dec 2025 kl 11.17 Justine Braisaz-Bouchets dotter \u00e4r snart tre \u00e5r gammal.\u00a0 F\u00f6r bara ett par&hellip;\n","protected":false},"author":2,"featured_media":111560,"comment_status":"","ping_status":"","sticky":false,"template":"","format":"standard","meta":{"footnotes":""},"categories":[68],"tags":[34,945,111,110,31,33,32,30],"class_list":{"0":"post-111559","1":"post","2":"type-post","3":"status-publish","4":"format-standard","5":"has-post-thumbnail","7":"category-sport","8":"tag-se","9":"tag-sections-skidskytte","10":"tag-sport","11":"tag-sports","12":"tag-svenska","13":"tag-sverige","14":"tag-sweden","15":"tag-swedish"},"share_on_mastodon":{"url":"https:\/\/pubeurope.com\/@se\/115748446116900744","error":""},"_links":{"self":[{"href":"https:\/\/www.europesays.com\/se\/wp-json\/wp\/v2\/posts\/111559","targetHints":{"allow":["GET"]}}],"collection":[{"href":"https:\/\/www.europesays.com\/se\/wp-json\/wp\/v2\/posts"}],"about":[{"href":"https:\/\/www.europesays.com\/se\/wp-json\/wp\/v2\/types\/post"}],"author":[{"embeddable":true,"href":"https:\/\/www.europesays.com\/se\/wp-json\/wp\/v2\/users\/2"}],"replies":[{"embeddable":true,"href":"https:\/\/www.europesays.com\/se\/wp-json\/wp\/v2\/comments?post=111559"}],"version-history":[{"count":0,"href":"https:\/\/www.europesays.com\/se\/wp-json\/wp\/v2\/posts\/111559\/revisions"}],"wp:featuredmedia":[{"embeddable":true,"href":"https:\/\/www.europesays.com\/se\/wp-json\/wp\/v2\/media\/111560"}],"wp:attachment":[{"href":"https:\/\/www.europesays.com\/se\/wp-json\/wp\/v2\/media?parent=111559"}],"wp:term":[{"taxonomy":"category","embeddable":true,"href":"https:\/\/www.europesays.com\/se\/wp-json\/wp\/v2\/categories?post=111559"},{"taxonomy":"post_tag","embeddable":true,"href":"https:\/\/www.europesays.com\/se\/wp-json\/wp\/v2\/tags?post=111559"}],"curies":[{"name":"wp","href":"https:\/\/api.w.org\/{rel}","templated":true}]}}