{"id":111563,"date":"2025-12-19T21:55:42","date_gmt":"2025-12-19T21:55:42","guid":{"rendered":"https:\/\/www.europesays.com\/se\/111563\/"},"modified":"2025-12-19T21:55:42","modified_gmt":"2025-12-19T21:55:42","slug":"dalslandska-ginas-anglavakt-var-minuter-fran-terrorskjutningen-valdigt-nara-dalslanningen","status":"publish","type":"post","link":"https:\/\/www.europesays.com\/se\/111563\/","title":{"rendered":"Dalsl\u00e4ndska Ginas \u00e4nglavakt \u2013 var minuter fr\u00e5n terrorskjutningen: \u201dV\u00e4ldigt n\u00e4ra\u201d &#8211; Dalsl\u00e4nningen"},"content":{"rendered":"<ol>\n<li><a href=\"https:\/\/news.google.com\/rss\/articles\/CBMivwFBVV95cUxQaUpUSEp1NHM3ZkhmeHh1ZVdIMWJpSXhzMTFadFFCLXhPWUZqZHBBMXRxWTU1dzh6VUZjbURlNVdjZEJsZXJyQ1c2T0RkUXBiTTAwUkZicGRWZms4NVEtQkt6Wmp2R1F1Zkx2UE5pNzBNS0ZLLWRQQVR3Y015TkM5YmZQQ3VnQ3VXRXZybERHTm43MFNnZHB1dnJUanRkN0wwUGxkNk1FeHR6dHpCOGJ2cnBETG9kRFEzWG5GMWROVQ?oc=5\" target=\"_blank\" rel=\"nofollow noopener\">Dalsl\u00e4ndska Ginas \u00e4nglavakt \u2013 var minuter fr\u00e5n terrorskjutningen: \u201dV\u00e4ldigt n\u00e4ra\u201d<\/a>&nbsp;&nbsp;Dalsl\u00e4nningen<\/li>\n<li><a href=\"https:\/\/news.google.com\/rss\/articles\/CBMilgFBVV95cUxPX1JvZ3NpeDV3QVQ4dUZ0RjczOHJfazN6a1lyeUZmVERvTW5vVXRNaG1IeHh3VlVKOGVNSFdmWkhha3NFSTZNWTEzdFI0SmZhajRsbFk1bEh3VzBDbGRFeE5kc0lsRDhsMWJjMV8zd0JjOFhrWmo3d0oyUkpXRklkUHU5QTU4dFFfNmFic3duMlNBUldwd1E?oc=5\" target=\"_blank\" rel=\"nofollow noopener\">Antisemitiska konspirationer sprids efter d\u00e5det i Sydney<\/a>&nbsp;&nbsp;SVT Nyheter<\/li>\n<li><a href=\"https:\/\/news.google.com\/rss\/articles\/CBMikgFBVV95cUxOaG9qRmhuSVlzSjgwaTg5OUlvbWRPNkNwQk1ZSnZ6M0EyUmJYRVRTRzBwNUVOMG13T01iWUY2djFxMktyU0lVMFVwcVRhNWtZbUk3M3pVWUJZa0oyZ0J4ODJmT3hjQ3NXZGh1Wkh1RW9kWUpZRnlNanN4eDBXZlNPVUhOU1BFeWZLemlyUjI3ODludw?oc=5\" target=\"_blank\" rel=\"nofollow noopener\">\u201dAlla wokem\u00e4nniskor spelar dem i h\u00e4nderna\u201d<\/a>&nbsp;&nbsp;SvD<\/li>\n<li><a href=\"https:\/\/news.google.com\/rss\/articles\/CBMiigFBVV95cUxQVXlyblZadkdLRFR1amVDOExySGpxUkdtcWJhblNNT0p5TTVGamhIeFMySXZxOVl2aXNiNHhMaXBEOU5GMHRoSkRkNXRXY21lbHI2bnRJUGozVzU0NlVPREVyOVJueGNsVTlzSE9uY0otZUZXaXlNTW42a2l5VWYzRTc3N2VfM1QtT1E?oc=5\" target=\"_blank\" rel=\"nofollow noopener\">&#8221;Bondi Beach-hj\u00e4lten&#8221; f\u00e5r miljonbelopp<\/a>&nbsp;&nbsp;Aftonbladet<\/li>\n<li><a href=\"https:\/\/news.google.com\/rss\/articles\/CBMizgFBVV95cUxQMmYwdG9yMkZnQ1ZnMmJvNExMeWg1Z3dyZ2tQOFNDa3VRX2puLVZkQkQ2TDhVaWZsNTF0bi1SOGRwNnN1RFN1Ynk4eEl1N1ZuTFQzcmhMem5zeDZmVl9vZ0VzeXl1UGE2QXZxSlNJa1ROTkEwR25JbzFXOUxxbWJGb2ZBX1J6eVpZb3VOMlo0QzlrQWlWdXFFZDFpUkh6OWxXSmc5c0tlVENBRzd5YXlPVHNUQTlnbG8yVUhEUDNSRUZEY0g5di1iZ2M4cUhLUQ?oc=5\" target=\"_blank\" rel=\"nofollow noopener\">Ekot 17:45 \u00c4ldreministern vill kalla upp kommuner som inte g\u00f6r bakgrundskontroller p\u00e5 nyanst\u00e4llda<\/a>&nbsp;&nbsp;Sveriges Radio<\/li>\n<\/ol>\n","protected":false},"excerpt":{"rendered":"Dalsl\u00e4ndska Ginas \u00e4nglavakt \u2013 var minuter fr\u00e5n terrorskjutningen: \u201dV\u00e4ldigt n\u00e4ra\u201d&nbsp;&nbsp;Dalsl\u00e4nningen Antisemitiska konspirationer sprids efter d\u00e5det i Sydney&nbsp;&nbsp;SVT Nyheter&hellip;\n","protected":false},"author":2,"featured_media":111564,"comment_status":"","ping_status":"","sticky":false,"template":"","format":"standard","meta":{"footnotes":""},"categories":[14],"tags":[22,23,26,27,17,21,24,25,28,29,15,16,18,34,31,33,32,30,19,20,51,52,53,54],"class_list":{"0":"post-111563","1":"post","2":"type-post","3":"status-publish","4":"format-standard","5":"has-post-thumbnail","7":"category-varlden","8":"tag-breaking-news","9":"tag-breakingnews","10":"tag-featured-news","11":"tag-featurednews","12":"tag-headlines","13":"tag-huvudnyheter","14":"tag-latest-news","15":"tag-latestnews","16":"tag-main-news","17":"tag-mainnews","18":"tag-news","19":"tag-nyheter","20":"tag-rubriker","21":"tag-se","22":"tag-svenska","23":"tag-sverige","24":"tag-sweden","25":"tag-swedish","26":"tag-top-stories","27":"tag-topstories","28":"tag-varlden","29":"tag-world","30":"tag-world-news","31":"tag-worldnews"},"share_on_mastodon":{"url":"https:\/\/pubeurope.com\/@se\/115748465795961215","error":""},"_links":{"self":[{"href":"https:\/\/www.europesays.com\/se\/wp-json\/wp\/v2\/posts\/111563","targetHints":{"allow":["GET"]}}],"collection":[{"href":"https:\/\/www.europesays.com\/se\/wp-json\/wp\/v2\/posts"}],"about":[{"href":"https:\/\/www.europesays.com\/se\/wp-json\/wp\/v2\/types\/post"}],"author":[{"embeddable":true,"href":"https:\/\/www.europesays.com\/se\/wp-json\/wp\/v2\/users\/2"}],"replies":[{"embeddable":true,"href":"https:\/\/www.europesays.com\/se\/wp-json\/wp\/v2\/comments?post=111563"}],"version-history":[{"count":0,"href":"https:\/\/www.europesays.com\/se\/wp-json\/wp\/v2\/posts\/111563\/revisions"}],"wp:featuredmedia":[{"embeddable":true,"href":"https:\/\/www.europesays.com\/se\/wp-json\/wp\/v2\/media\/111564"}],"wp:attachment":[{"href":"https:\/\/www.europesays.com\/se\/wp-json\/wp\/v2\/media?parent=111563"}],"wp:term":[{"taxonomy":"category","embeddable":true,"href":"https:\/\/www.europesays.com\/se\/wp-json\/wp\/v2\/categories?post=111563"},{"taxonomy":"post_tag","embeddable":true,"href":"https:\/\/www.europesays.com\/se\/wp-json\/wp\/v2\/tags?post=111563"}],"curies":[{"name":"wp","href":"https:\/\/api.w.org\/{rel}","templated":true}]}}