{"id":111565,"date":"2025-12-19T21:56:12","date_gmt":"2025-12-19T21:56:12","guid":{"rendered":"https:\/\/www.europesays.com\/se\/111565\/"},"modified":"2025-12-19T21:56:12","modified_gmt":"2025-12-19T21:56:12","slug":"operation-manager-till-ncc-asphalt-dalarna-gastrikland-2","status":"publish","type":"post","link":"https:\/\/www.europesays.com\/se\/111565\/","title":{"rendered":"Operation Manager till NCC Asphalt Dalarna\/G\u00e4strikland"},"content":{"rendered":"<p>Ans\u00f6k senast: 2026-03-31<br \/>Ort: Borl\u00e4nge<\/p>\n<p><a target=\"_blank\" data-link_text=\"Operation Manager till NCC Asphalt Dalarna\/G\u00e4strikland\" class=\"srApplyLink\" href=\"https:\/\/jobs.smartrecruiters.com\/NCC\/744000099797402-operation-manager-till-ncc-asphalt-dalarna-gastrikland?oga=true\" rel=\"nofollow noopener\">Ans\u00f6k h\u00e4r!<\/a> <\/p>\n<p>\u00c4r du redo f\u00f6r ett sp\u00e4nnande och omv\u00e4xlande jobb som platsansvarig inom anl\u00e4ggningsarbeten och\/eller bel\u00e4ggningsarbeten?\u00a0<\/p>\n<p>Hos oss p\u00e5 NCC Industry har vi en ledig tj\u00e4nst som Operations Manager.\u00a0<\/p>\n<p>NCC Industry \u00e4r en nordisk organisation som \u00e4r specialiserad p\u00e5 h\u00e5llbara l\u00f6sningar inom asfalt och stenmaterial. Vi erbjuder en utvecklande arbetsmilj\u00f6 d\u00e4r samarbete, engagemang och eget driv st\u00e5r i fokus.\u00a0<\/p>\n<p><strong>Rollen som Operation Manager\u00a0<\/strong><\/p>\n<p>Som Operation Manager (Platschef) leder och utvecklar du v\u00e5r verksamhet inom fr\u00e4mst mark- och anl\u00e4ggningsarbeten. Du kommer att ha daglig kontakt med olika akt\u00f6rer och vara involverad i projektinh\u00e4mtning och projektledning. Ditt ansvar omfattar planering, samordning av resurser, tekniskt och ekonomiskt ansvar f\u00f6r produktionens utf\u00f6rande samt arbetsmilj\u00f6ansvar. Du kommer att arbeta n\u00e4ra v\u00e5ra yrkesmedarbetare och tillsammans driva aff\u00e4ren fram\u00e5t. I din roll samarbetar du \u00e4ven med Area Manager, Operation Specialist och Area Assistant inom ditt arbetsomr\u00e5de.\u00a0<\/p>\n<p><strong>Kravspecifikation<\/strong><\/p>\n<p>Vi s\u00f6ker dig som har n\u00e5gra \u00e5rs erfarenhet av att arbeta som\u202fplatschef\/arbetsledare\u202feller motsvarande, och det \u00e4r meriterande om du har erfarenhet inom mark- och anl\u00e4ggningsverksamhet. Som ledare \u00e4r du trygg och bidrar till medarbetarnas utveckling och lagets framg\u00e5ng. Du \u00e4r strukturerad och har god logistisk f\u00f6rm\u00e5ga. Effektivitet \u00e4r viktigt f\u00f6r dig och du \u00e4r van vid att hantera flera parallella arbetsuppgifter. Du \u00e4r en probleml\u00f6sare och har en stark nyfikenhet f\u00f6r att utvecklas och l\u00e4ra nytt. Ut\u00f6ver produktionen \u00e4r du skicklig p\u00e5 att skapa kundrelationer, identifiera aff\u00e4rsm\u00f6jligheter och f\u00f6rvalta l\u00e5ngsiktiga samarbeten.\u00a0<\/p>\n<p>Vi tror p\u00e5 m\u00e5ngfald och inkludering i v\u00e5rt team, och vi ser fram emot att v\u00e4lkomna nya kollegor oavsett k\u00f6n, bakgrund eller identitet.\u00a0<\/p>\n<p><strong>\u00d6vrig information<\/strong><\/p>\n<p>Tj\u00e4nsten \u00e4r en tillsvidareanst\u00e4llning med placering p\u00e5 n\u00e5t av v\u00e5ra kontor i Borl\u00e4nge, Mora eller G\u00e4vle. Provanst\u00e4llning kommer att till\u00e4mpas.\u00a0<\/p>\n<p>Urval sker l\u00f6pande s\u00e5 ans\u00f6k d\u00e4rf\u00f6r s\u00e5 snart som m\u00f6jligt, dock senast 2026-03-31. Registrera din ans\u00f6kan och CV nedan.\u00a0<\/p>\n<p>NCC Industry har ett implementerat och processinriktat verksamhetssystem som styr och leder oss fram\u00e5t p\u00e5 v\u00e4gen f\u00f6r att kunna f\u00f6rb\u00e4ttras, utvecklas och n\u00e5 uppsatta m\u00e5l. Vi \u00e4r certifierade enligt ISO 9001 (kvalitet), ISO 14001 (milj\u00f6) samt ISO 45001 (arbetsmilj\u00f6).<\/p>\n<p><strong>Kontakt och ans\u00f6kan\u00a0<\/strong><\/p>\n<p>Vill du veta mer om tj\u00e4nsten? Kontakta g\u00e4rna Area Manager Lars Bond, tfn 070-283 69 55.\u00a0<\/p>\n<p>I enlighet med NCCs s\u00e4kerhetskultur genomf\u00f6r vi bakgrundskontroller p\u00e5 v\u00e5ra slutkandidater.\u00a0<\/p>\n<p>Varmt v\u00e4lkommen med din ans\u00f6kan!\u00a0<\/p>\n<p><strong>Bygg med oss och f\u00e5 branschens b\u00e4sta kollegor<\/strong><\/p>\n<p>P\u00e5 NCC drivs vi av att forts\u00e4tta utvecklas, oavsett om det handlar om v\u00e5ra byggprojekt eller v\u00e5r personliga kompetens. Varje dag driver vi branschens mest sp\u00e4nnande och komplexa byggprojekt fram\u00e5t i ett n\u00e4ra samarbete mellan v\u00e5ra medarbetare, samarbetsparters och kunder. Hos oss \u00e4r du en betydelsefull medarbetare som bidrar till de landm\u00e4rken som definierar v\u00e5ra st\u00e4der och samh\u00e4llen. H\u00e4r tar v\u00e5ra medarbetare en aktiv roll i en f\u00f6retagskultur grundad p\u00e5 stabila v\u00e4rderingar och beteenden f\u00f6r en trygg och s\u00e4ker arbetsplats. V\u00e5r samlade kompetens och varierande bakgrund g\u00f6r skillnad.<\/p>\n<p> <a target=\"_blank\" data-link_text=\"Operation Manager till NCC Asphalt Dalarna\/G\u00e4strikland\" class=\"srApplyLink\" href=\"https:\/\/jobs.smartrecruiters.com\/NCC\/744000099797402-operation-manager-till-ncc-asphalt-dalarna-gastrikland?oga=true\" rel=\"nofollow noopener\">Ans\u00f6k h\u00e4r!<\/a> <\/p>\n","protected":false},"excerpt":{"rendered":"Ans\u00f6k senast: 2026-03-31Ort: Borl\u00e4nge Ans\u00f6k h\u00e4r! \u00c4r du redo f\u00f6r ett sp\u00e4nnande och omv\u00e4xlande jobb som platsansvarig inom&hellip;\n","protected":false},"author":2,"featured_media":1112,"comment_status":"","ping_status":"","sticky":false,"template":"","format":"standard","meta":{"footnotes":""},"categories":[12],"tags":[22,23,26,27,17,21,24,25,28,29,15,16,18,34,31,33,32,30,19,20],"class_list":{"0":"post-111565","1":"post","2":"type-post","3":"status-publish","4":"format-standard","5":"has-post-thumbnail","7":"category-sverige","8":"tag-breaking-news","9":"tag-breakingnews","10":"tag-featured-news","11":"tag-featurednews","12":"tag-headlines","13":"tag-huvudnyheter","14":"tag-latest-news","15":"tag-latestnews","16":"tag-main-news","17":"tag-mainnews","18":"tag-news","19":"tag-nyheter","20":"tag-rubriker","21":"tag-se","22":"tag-svenska","23":"tag-sverige","24":"tag-sweden","25":"tag-swedish","26":"tag-top-stories","27":"tag-topstories"},"share_on_mastodon":{"url":"https:\/\/pubeurope.com\/@se\/115748469816110015","error":""},"_links":{"self":[{"href":"https:\/\/www.europesays.com\/se\/wp-json\/wp\/v2\/posts\/111565","targetHints":{"allow":["GET"]}}],"collection":[{"href":"https:\/\/www.europesays.com\/se\/wp-json\/wp\/v2\/posts"}],"about":[{"href":"https:\/\/www.europesays.com\/se\/wp-json\/wp\/v2\/types\/post"}],"author":[{"embeddable":true,"href":"https:\/\/www.europesays.com\/se\/wp-json\/wp\/v2\/users\/2"}],"replies":[{"embeddable":true,"href":"https:\/\/www.europesays.com\/se\/wp-json\/wp\/v2\/comments?post=111565"}],"version-history":[{"count":0,"href":"https:\/\/www.europesays.com\/se\/wp-json\/wp\/v2\/posts\/111565\/revisions"}],"wp:featuredmedia":[{"embeddable":true,"href":"https:\/\/www.europesays.com\/se\/wp-json\/wp\/v2\/media\/1112"}],"wp:attachment":[{"href":"https:\/\/www.europesays.com\/se\/wp-json\/wp\/v2\/media?parent=111565"}],"wp:term":[{"taxonomy":"category","embeddable":true,"href":"https:\/\/www.europesays.com\/se\/wp-json\/wp\/v2\/categories?post=111565"},{"taxonomy":"post_tag","embeddable":true,"href":"https:\/\/www.europesays.com\/se\/wp-json\/wp\/v2\/tags?post=111565"}],"curies":[{"name":"wp","href":"https:\/\/api.w.org\/{rel}","templated":true}]}}