{"id":111566,"date":"2025-12-19T21:57:09","date_gmt":"2025-12-19T21:57:09","guid":{"rendered":"https:\/\/www.europesays.com\/se\/111566\/"},"modified":"2025-12-19T21:57:09","modified_gmt":"2025-12-19T21:57:09","slug":"man-drogade-och-valdtog-sin-fru","status":"publish","type":"post","link":"https:\/\/www.europesays.com\/se\/111566\/","title":{"rendered":"Man drogade och v\u00e5ldtog sin fru"},"content":{"rendered":"<p>share-arrowDela<\/p>\n<p>unsaveSpara<\/p>\n<p>expand-left<\/p>\n<p>helsk\u00e4rm<img decoding=\"async\" class=\"image-asset hyperion-css-u06ts1\" data-test-tag=\"image-asset\" src=\"https:\/\/www.europesays.com\/se\/wp-content\/uploads\/2025\/12\/4ae99678-9c5f-436f-a78a-5933b184e8c7\"  alt=\"Mannen greps av polisen i februari i \u00e5r. Arkivbild.\"  loading=\"eager\" fetchpriority=\"high\" style=\"aspect-ratio:1900 \/ 1267\"\/>Mannen greps av polisen i februari i \u00e5r. Arkivbild. Foto: Sven Kaeuler\/Dpa Via AP\/TT<\/p>\n<p class=\"hyperion-css-1shl3oz\" data-test-tag=\"lead-text\">En 61-\u00e5rig man i Tyskland har f\u00e4llts f\u00f6r att under flera \u00e5rs tid drogat och filmat sin fru medan han v\u00e5ldtog henne.<\/p>\n<p class=\"hyperion-css-1v9qo5x\">Polisen b\u00f6rjade utreda mannen efter att ha f\u00e5tt ett tips om att han delat filmer p\u00e5 \u00f6vergreppen p\u00e5 n\u00e4tet.<\/p>\n<p class=\"hyperion-css-1v9qo5x\">Mannen har suttit frihetsber\u00f6vad sedan februari i \u00e5r. Han d\u00f6ms nu till f\u00e4ngelse i \u00e5tta \u00e5r och sex m\u00e5nader f\u00f6r bland annat grov v\u00e5ldt\u00e4kt.<\/p>\n<p class=\"hyperion-css-1v9qo5x\">Han har upprepade g\u00e5nger drogat sin hustru med lugnande medel innan han v\u00e5ldtog henne, skriver domstolen i staden Aachen i ett uttalande.<\/p>\n<p class=\"hyperion-css-1v9qo5x\">Han ska \u00e4ven ha filmat \u00f6vergreppen och delat filmerna i olika chattgrupper p\u00e5 n\u00e4tet.<\/p>\n<p class=\"hyperion-css-1v9qo5x\">\u2013 Domen kommer inte att g\u00f6ra det som h\u00e4nt ogjort men det kan hj\u00e4lpa (offret) en del med att bearbeta och hantera det som h\u00e4nt, sade hustruns advokat.<\/p>\n<p class=\"hyperion-css-1v9qo5x\">Tyska medier har j\u00e4mf\u00f6rt v\u00e5ldt\u00e4kterna med det uppm\u00e4rksammade fallet i Frankrike i fjol. D\u00e5 d\u00f6mdes Dominique Pelicot till 20 \u00e5rs f\u00e4ngelse f\u00f6r att under m\u00e5nga \u00e5r drogat och v\u00e5ldtagit sin hustru. Han bj\u00f6d \u00e4ven in andra m\u00e4n f\u00f6r att f\u00f6rgripa sig p\u00e5 henne.<\/p>\n","protected":false},"excerpt":{"rendered":"share-arrowDela unsaveSpara expand-left helsk\u00e4rmMannen greps av polisen i februari i \u00e5r. Arkivbild. Foto: Sven Kaeuler\/Dpa Via AP\/TT En&hellip;\n","protected":false},"author":2,"featured_media":111567,"comment_status":"","ping_status":"","sticky":false,"template":"","format":"standard","meta":{"footnotes":""},"categories":[5],"tags":[22,23,26,27,17,21,24,25,28,29,15,16,18,34,31,33,32,30,19,20],"class_list":{"0":"post-111566","1":"post","2":"type-post","3":"status-publish","4":"format-standard","5":"has-post-thumbnail","7":"category-rubriker","8":"tag-breaking-news","9":"tag-breakingnews","10":"tag-featured-news","11":"tag-featurednews","12":"tag-headlines","13":"tag-huvudnyheter","14":"tag-latest-news","15":"tag-latestnews","16":"tag-main-news","17":"tag-mainnews","18":"tag-news","19":"tag-nyheter","20":"tag-rubriker","21":"tag-se","22":"tag-svenska","23":"tag-sverige","24":"tag-sweden","25":"tag-swedish","26":"tag-top-stories","27":"tag-topstories"},"share_on_mastodon":{"url":"https:\/\/pubeurope.com\/@se\/115748473725896053","error":""},"_links":{"self":[{"href":"https:\/\/www.europesays.com\/se\/wp-json\/wp\/v2\/posts\/111566","targetHints":{"allow":["GET"]}}],"collection":[{"href":"https:\/\/www.europesays.com\/se\/wp-json\/wp\/v2\/posts"}],"about":[{"href":"https:\/\/www.europesays.com\/se\/wp-json\/wp\/v2\/types\/post"}],"author":[{"embeddable":true,"href":"https:\/\/www.europesays.com\/se\/wp-json\/wp\/v2\/users\/2"}],"replies":[{"embeddable":true,"href":"https:\/\/www.europesays.com\/se\/wp-json\/wp\/v2\/comments?post=111566"}],"version-history":[{"count":0,"href":"https:\/\/www.europesays.com\/se\/wp-json\/wp\/v2\/posts\/111566\/revisions"}],"wp:featuredmedia":[{"embeddable":true,"href":"https:\/\/www.europesays.com\/se\/wp-json\/wp\/v2\/media\/111567"}],"wp:attachment":[{"href":"https:\/\/www.europesays.com\/se\/wp-json\/wp\/v2\/media?parent=111566"}],"wp:term":[{"taxonomy":"category","embeddable":true,"href":"https:\/\/www.europesays.com\/se\/wp-json\/wp\/v2\/categories?post=111566"},{"taxonomy":"post_tag","embeddable":true,"href":"https:\/\/www.europesays.com\/se\/wp-json\/wp\/v2\/tags?post=111566"}],"curies":[{"name":"wp","href":"https:\/\/api.w.org\/{rel}","templated":true}]}}