{"id":111574,"date":"2025-12-19T22:04:18","date_gmt":"2025-12-19T22:04:18","guid":{"rendered":"https:\/\/www.europesays.com\/se\/111574\/"},"modified":"2025-12-19T22:04:18","modified_gmt":"2025-12-19T22:04:18","slug":"forskolepersonal-misstanks-ha-valdtagit-ett-barn","status":"publish","type":"post","link":"https:\/\/www.europesays.com\/se\/111574\/","title":{"rendered":"F\u00f6rskolepersonal misst\u00e4nks ha v\u00e5ldtagit ett barn"},"content":{"rendered":"<p><img decoding=\"async\" class=\"image-asset hyperion-css-n6kkq1\" data-test-tag=\"image-asset\" src=\"https:\/\/www.europesays.com\/se\/wp-content\/uploads\/2025\/12\/1766181857_438_49e0b678-b697-407a-b243-05528304a362\"  alt=\"\"  loading=\"lazy\" fetchpriority=\"auto\" style=\"aspect-ratio:1900 \/ 1900\"\/><img decoding=\"async\" class=\"image-asset hyperion-css-n6kkq1\" data-test-tag=\"image-asset\" src=\"https:\/\/www.europesays.com\/se\/wp-content\/uploads\/2025\/12\/1766181857_890_d03087d7-b67e-4a2d-9ab9-086b23863ce8\"  alt=\"\"  loading=\"lazy\" fetchpriority=\"auto\" style=\"aspect-ratio:1900 \/ 1900\"\/><\/p>\n<p class=\"boxtextgrotesk-root_baa6 hyperion-css-7pajle\">Uppdaterad 20.40 | Publicerad 16.26<\/p>\n<p>share-arrowDela<\/p>\n<p>unsaveSpara<\/p>\n<p>expand-left<\/p>\n<p>helsk\u00e4rm<img decoding=\"async\" class=\"image-asset hyperion-css-u06ts1\" data-test-tag=\"image-asset\" src=\"https:\/\/www.europesays.com\/se\/wp-content\/uploads\/2025\/12\/30f430ea-63fa-4099-b730-ffbc81b6aef7\"  alt=\"\"  loading=\"eager\" fetchpriority=\"high\" style=\"aspect-ratio:1900 \/ 1311\"\/> Foto: Fredrik Sandberg\/TT<\/p>\n<p class=\"hyperion-css-1shl3oz\" data-test-tag=\"lead-text\">En man i 20-\u00e5rs\u00e5ldern har tagits ur tj\u00e4nst p\u00e5 en f\u00f6rskola i s\u00f6dra Stockholm.<\/p>\n<p class=\"hyperion-css-1shl3oz\" data-test-tag=\"lead-text\">Mannen misst\u00e4nks ha v\u00e5ldtagit ett barn, enligt Aftonbladets uppgifter.<\/p>\n<p class=\"hyperion-css-1shl3oz\" data-test-tag=\"lead-text\">\u2013 En polisanm\u00e4lan \u00e4r gjord, s\u00e4ger kommunens presstalesperson. <\/p>\n<p class=\"hyperion-css-1v9qo5x\">En man i 20-\u00e5rs\u00e5ldern misst\u00e4nks ha f\u00f6rgripit sig p\u00e5 ett barn p\u00e5 en f\u00f6rskola i s\u00f6dra <a data-test-tag=\"internal-link\" href=\"https:\/\/www.aftonbladet.se\/lokala-nyheter\/stockholm\" class=\"hyperion-css-15jkft9\" rel=\"nofollow noopener\" target=\"\" aria-label=\"Stockholm\">Stockholm<\/a>, enligt Aftonbladets uppgifter. <\/p>\n<p class=\"hyperion-css-1v9qo5x\">Mannen jobbar p\u00e5 f\u00f6rskolan och togs ur tj\u00e4nst i torsdags, n\u00e4r f\u00f6rskolan fick information om vad som hade h\u00e4nt. <\/p>\n<p class=\"hyperion-css-1v9qo5x\">N\u00e5got som kommunen bekr\u00e4ftar. I \u00f6vrigt vill kommunen inte kommentera h\u00e4ndelsen. <\/p>\n<p class=\"hyperion-css-1v9qo5x\">\u2013 En medarbetare \u00e4r tagen ur tj\u00e4nst efter en incident och en polisanm\u00e4lan \u00e4r gjord, s\u00e4ger kommunens presstalesperson. <\/p>\n<p class=\"hyperion-css-1v9qo5x\">Brottet uppdagades efter att en f\u00f6r\u00e4lder uppt\u00e4ckte skador p\u00e5 barnet, enligt Aftonbladets k\u00e4llor.<\/p>\n<p class=\"hyperion-css-1v9qo5x\">Mannen greps p\u00e5 torsdagen och misst\u00e4nks nu f\u00f6r grov v\u00e5ldt\u00e4kt mot barn. Polisen ska \u00e4ven ha gjort en husrannsakan hemma hos mannen, enligt k\u00e4llor. <\/p>\n<p class=\"hyperion-css-1v9qo5x\">\u201dUtan att g\u00e5 in p\u00e5 brottsrubricering kan jag bekr\u00e4fta att polisen grep en man d\u00e4r du har angett. Det \u00e4r en utredning som leds av \u00e5klagare\u201d, skriver Robert Sannerdahl fr\u00e5n polisen.<\/p>\n","protected":false},"excerpt":{"rendered":"Uppdaterad 20.40 | Publicerad 16.26 share-arrowDela unsaveSpara expand-left helsk\u00e4rm Foto: Fredrik Sandberg\/TT En man i 20-\u00e5rs\u00e5ldern har tagits&hellip;\n","protected":false},"author":2,"featured_media":111575,"comment_status":"","ping_status":"","sticky":false,"template":"","format":"standard","meta":{"footnotes":""},"categories":[12],"tags":[22,23,26,27,17,21,24,25,28,29,15,16,18,34,31,33,32,30,19,20],"class_list":{"0":"post-111574","1":"post","2":"type-post","3":"status-publish","4":"format-standard","5":"has-post-thumbnail","7":"category-sverige","8":"tag-breaking-news","9":"tag-breakingnews","10":"tag-featured-news","11":"tag-featurednews","12":"tag-headlines","13":"tag-huvudnyheter","14":"tag-latest-news","15":"tag-latestnews","16":"tag-main-news","17":"tag-mainnews","18":"tag-news","19":"tag-nyheter","20":"tag-rubriker","21":"tag-se","22":"tag-svenska","23":"tag-sverige","24":"tag-sweden","25":"tag-swedish","26":"tag-top-stories","27":"tag-topstories"},"share_on_mastodon":{"url":"https:\/\/pubeurope.com\/@se\/115748501445296715","error":""},"_links":{"self":[{"href":"https:\/\/www.europesays.com\/se\/wp-json\/wp\/v2\/posts\/111574","targetHints":{"allow":["GET"]}}],"collection":[{"href":"https:\/\/www.europesays.com\/se\/wp-json\/wp\/v2\/posts"}],"about":[{"href":"https:\/\/www.europesays.com\/se\/wp-json\/wp\/v2\/types\/post"}],"author":[{"embeddable":true,"href":"https:\/\/www.europesays.com\/se\/wp-json\/wp\/v2\/users\/2"}],"replies":[{"embeddable":true,"href":"https:\/\/www.europesays.com\/se\/wp-json\/wp\/v2\/comments?post=111574"}],"version-history":[{"count":0,"href":"https:\/\/www.europesays.com\/se\/wp-json\/wp\/v2\/posts\/111574\/revisions"}],"wp:featuredmedia":[{"embeddable":true,"href":"https:\/\/www.europesays.com\/se\/wp-json\/wp\/v2\/media\/111575"}],"wp:attachment":[{"href":"https:\/\/www.europesays.com\/se\/wp-json\/wp\/v2\/media?parent=111574"}],"wp:term":[{"taxonomy":"category","embeddable":true,"href":"https:\/\/www.europesays.com\/se\/wp-json\/wp\/v2\/categories?post=111574"},{"taxonomy":"post_tag","embeddable":true,"href":"https:\/\/www.europesays.com\/se\/wp-json\/wp\/v2\/tags?post=111574"}],"curies":[{"name":"wp","href":"https:\/\/api.w.org\/{rel}","templated":true}]}}