{"id":111576,"date":"2025-12-19T22:05:09","date_gmt":"2025-12-19T22:05:09","guid":{"rendered":"https:\/\/www.europesays.com\/se\/111576\/"},"modified":"2025-12-19T22:05:09","modified_gmt":"2025-12-19T22:05:09","slug":"forslag-till-nationell-plan-for-transportinfrastrukturen-2026-2037","status":"publish","type":"post","link":"https:\/\/www.europesays.com\/se\/111576\/","title":{"rendered":"F\u00f6rslag till nationell plan f\u00f6r transportinfrastrukturen 2026\u20132037"},"content":{"rendered":"<p>Naturskyddsf\u00f6reningen anser att milj\u00f6- och klimatomst\u00e4llningen ska genomsyra hela politiken och att de 1200 miljarder kronor som planeras att investeras i infrastruktur de kommande tolv \u00e5ren ska anv\u00e4ndas f\u00f6r att skapa en mer energi-, transport- och resurseffektiv samh\u00e4llsstruktur. Transportsektorn st\u00e5r f\u00f6r en betydande del av Sveriges klimatp\u00e5verkan, och vi \u00e4r just nu p\u00e5 v\u00e4g att missa klimatm\u00e5len. N\u00e4r s\u00e5 stora offentliga investeringar g\u00f6rs i att bygga framtidens infrastruktur m\u00e5ste det ske med utg\u00e5ngspunkt att milj\u00f6- och klimatm\u00e5len ska n\u00e5s p\u00e5 b\u00e5de kort och l\u00e5ng sikt.<\/p>\n<p>Naturskyddsf\u00f6reningen konstaterar att f\u00f6rslaget till nationell plan inte ger ett tillfredsst\u00e4llande svar p\u00e5 transportinfrastrukturplaneringens bidrag till milj\u00f6- och klimatomst\u00e4llningen.<\/p>\n<p>L\u00e4s hela remissvaret via l\u00e4nken ovan.<\/p>\n","protected":false},"excerpt":{"rendered":"Naturskyddsf\u00f6reningen anser att milj\u00f6- och klimatomst\u00e4llningen ska genomsyra hela politiken och att de 1200 miljarder kronor som planeras&hellip;\n","protected":false},"author":2,"featured_media":111577,"comment_status":"","ping_status":"","sticky":false,"template":"","format":"standard","meta":{"footnotes":""},"categories":[5],"tags":[22,23,26,27,17,21,24,25,28,29,15,16,18,34,31,33,32,30,19,20],"class_list":{"0":"post-111576","1":"post","2":"type-post","3":"status-publish","4":"format-standard","5":"has-post-thumbnail","7":"category-rubriker","8":"tag-breaking-news","9":"tag-breakingnews","10":"tag-featured-news","11":"tag-featurednews","12":"tag-headlines","13":"tag-huvudnyheter","14":"tag-latest-news","15":"tag-latestnews","16":"tag-main-news","17":"tag-mainnews","18":"tag-news","19":"tag-nyheter","20":"tag-rubriker","21":"tag-se","22":"tag-svenska","23":"tag-sverige","24":"tag-sweden","25":"tag-swedish","26":"tag-top-stories","27":"tag-topstories"},"share_on_mastodon":{"url":"https:\/\/pubeurope.com\/@se\/115748505103474548","error":""},"_links":{"self":[{"href":"https:\/\/www.europesays.com\/se\/wp-json\/wp\/v2\/posts\/111576","targetHints":{"allow":["GET"]}}],"collection":[{"href":"https:\/\/www.europesays.com\/se\/wp-json\/wp\/v2\/posts"}],"about":[{"href":"https:\/\/www.europesays.com\/se\/wp-json\/wp\/v2\/types\/post"}],"author":[{"embeddable":true,"href":"https:\/\/www.europesays.com\/se\/wp-json\/wp\/v2\/users\/2"}],"replies":[{"embeddable":true,"href":"https:\/\/www.europesays.com\/se\/wp-json\/wp\/v2\/comments?post=111576"}],"version-history":[{"count":0,"href":"https:\/\/www.europesays.com\/se\/wp-json\/wp\/v2\/posts\/111576\/revisions"}],"wp:featuredmedia":[{"embeddable":true,"href":"https:\/\/www.europesays.com\/se\/wp-json\/wp\/v2\/media\/111577"}],"wp:attachment":[{"href":"https:\/\/www.europesays.com\/se\/wp-json\/wp\/v2\/media?parent=111576"}],"wp:term":[{"taxonomy":"category","embeddable":true,"href":"https:\/\/www.europesays.com\/se\/wp-json\/wp\/v2\/categories?post=111576"},{"taxonomy":"post_tag","embeddable":true,"href":"https:\/\/www.europesays.com\/se\/wp-json\/wp\/v2\/tags?post=111576"}],"curies":[{"name":"wp","href":"https:\/\/api.w.org\/{rel}","templated":true}]}}