{"id":111578,"date":"2025-12-19T22:07:21","date_gmt":"2025-12-19T22:07:21","guid":{"rendered":"https:\/\/www.europesays.com\/se\/111578\/"},"modified":"2025-12-19T22:07:21","modified_gmt":"2025-12-19T22:07:21","slug":"sista-smset-fran-dottern-innan-dodskraschen-motor","status":"publish","type":"post","link":"https:\/\/www.europesays.com\/se\/111578\/","title":{"rendered":"Sista sms:et fr\u00e5n dottern \u2013 innan d\u00f6dskraschen | Motor"},"content":{"rendered":"<p>Publicerad 19 dec 2025 kl 08.16Uppdaterad kl 08.24<\/p>\n<p>Nascarikonen Greg BIffle f\u00f6rolyckades tillsammans med frun Cristina och parets barn i en flygkrasch.\u00a0<\/p>\n<p>Nu avsl\u00f6jar Gregs sv\u00e4rmor sin dotters sista meddelande till henne.<\/p>\n<p>\u2013 Jag fick ett sms d\u00e4r det stod, \u201dvi har problem.\u201d Och det var det, s\u00e4ger en t\u00e5rfylld Cathy Grossu <a href=\"https:\/\/people.com\/greg-biffle-wife-cristina-texted-mom-were-in-trouble-before-died-plane-crash-exclusive-11872732\" rel=\"nofollow noopener\" target=\"_blank\">till People Magazine<\/a>.<\/p>\n<p><img loading=\"lazy\"   alt=\"\"\/><\/p>\n<p>Greg och Cristina Biffle tillsammans med barnen Emma och Ryder.<\/p>\n<p>Foto: Instagram<\/p>\n<p>\u00d6ppna bild i helsk\u00e4rm<img loading=\"lazy\"   alt=\"\"\/><\/p>\n<p>Olycksplatsen.<\/p>\n<p>Foto: X<\/p>\n<p>\u00d6ppna bild i helsk\u00e4rm<\/p>\n<p>Under torsdagskv\u00e4llen kom beskedet att Greg Biffle <a href=\"https:\/\/www.expressen.se\/sport\/motor\/nascar-ikon-har-omkommit-i-flygkrasch\/\" rel=\"nofollow noopener\" target=\"_blank\">d\u00f6tt i en flygolycka<\/a>. Nascarikonen var tillsammans med familjen, frun Cristina, Gregs dotter Emma och gemensamma sonen Ryder, samt ytterligare tre personer, p\u00e5 ett flygplan som var p\u00e5 v\u00e4g till Florida f\u00f6r f\u00f6delsedagsfirande. Planet st\u00f6rtade \u00f6ver North Carolina och samtliga sju personer dog i olyckan.<\/p>\n<p>Cristinas mamma, Cathy Grossu, har pratat med <a href=\"https:\/\/people.com\/greg-biffle-wife-cristina-texted-mom-were-in-trouble-before-died-plane-crash-exclusive-11872732\" rel=\"nofollow noopener\" target=\"_blank\">People Magazine<\/a> om den tragiska h\u00e4ndelsen.<\/p>\n<p>\u2013 Jag fick ett sms d\u00e4r det stod, \u201dvi har problem.\u201d Och det var det, s\u00e4ger hon med t\u00e5rar i \u00f6gonen.<\/p>\n<p>\u201dKommer att hems\u00f6ka mig\u201d<\/p>\n<p>Paret hade bara ett par dagar tidigare varit p\u00e5 bes\u00f6k hos Cathy Grossu.<\/p>\n<p>\u2013 Jag kommer inte ih\u00e5g de sista orden jag sade till min dotter, till Greg, eller till min \u00e4lskade Ryder. Jag vet att vi kramades, men jag kommer inte ih\u00e5g orden och det kommer att hems\u00f6ka mig. Men jag vet att de var lyckliga.<\/p>\n<p>Grossu ber\u00e4ttar att familjen hade \u201ds\u00e5 mycket levnadsgl\u00e4dje\u201d och omfamnade livet innan den tragiska olyckan.<\/p>\n<p>\u2013 De ber\u00f6rde s\u00e5 m\u00e5nga m\u00e4nniskor. Det \u00e4r sv\u00e5rt att ta in. Jag kan inte f\u00f6rst\u00e5 att de \u00e4r borta.<\/p>\n<p>Greg Biffle var mest k\u00e4nd f\u00f6r sina prestationer inom <a href=\"https:\/\/www.expressen.se\/tagg\/organization\/nascar\/\" class=\"\" rel=\"nofollow noopener\" target=\"_blank\">Nascar<\/a> och har genom \u00e5ren tagit hem en m\u00e4ngd segrar. 2023 uts\u00e5gs han till en av organisationens 75 fr\u00e4msta f\u00f6rare n\u00e5gonsin. Biffle blev 55 \u00e5r gammal.<\/p>\n","protected":false},"excerpt":{"rendered":"Publicerad 19 dec 2025 kl 08.16Uppdaterad kl 08.24 Nascarikonen Greg BIffle f\u00f6rolyckades tillsammans med frun Cristina och parets&hellip;\n","protected":false},"author":2,"featured_media":111579,"comment_status":"","ping_status":"","sticky":false,"template":"","format":"standard","meta":{"footnotes":""},"categories":[68],"tags":[12255,34,562,111,110,31,33,32,30],"class_list":{"0":"post-111578","1":"post","2":"type-post","3":"status-publish","4":"format-standard","5":"has-post-thumbnail","7":"category-sport","8":"tag-organization-nascar","9":"tag-se","10":"tag-sections-motor","11":"tag-sport","12":"tag-sports","13":"tag-svenska","14":"tag-sverige","15":"tag-sweden","16":"tag-swedish"},"share_on_mastodon":{"url":"https:\/\/pubeurope.com\/@se\/115748512991082614","error":""},"_links":{"self":[{"href":"https:\/\/www.europesays.com\/se\/wp-json\/wp\/v2\/posts\/111578","targetHints":{"allow":["GET"]}}],"collection":[{"href":"https:\/\/www.europesays.com\/se\/wp-json\/wp\/v2\/posts"}],"about":[{"href":"https:\/\/www.europesays.com\/se\/wp-json\/wp\/v2\/types\/post"}],"author":[{"embeddable":true,"href":"https:\/\/www.europesays.com\/se\/wp-json\/wp\/v2\/users\/2"}],"replies":[{"embeddable":true,"href":"https:\/\/www.europesays.com\/se\/wp-json\/wp\/v2\/comments?post=111578"}],"version-history":[{"count":0,"href":"https:\/\/www.europesays.com\/se\/wp-json\/wp\/v2\/posts\/111578\/revisions"}],"wp:featuredmedia":[{"embeddable":true,"href":"https:\/\/www.europesays.com\/se\/wp-json\/wp\/v2\/media\/111579"}],"wp:attachment":[{"href":"https:\/\/www.europesays.com\/se\/wp-json\/wp\/v2\/media?parent=111578"}],"wp:term":[{"taxonomy":"category","embeddable":true,"href":"https:\/\/www.europesays.com\/se\/wp-json\/wp\/v2\/categories?post=111578"},{"taxonomy":"post_tag","embeddable":true,"href":"https:\/\/www.europesays.com\/se\/wp-json\/wp\/v2\/tags?post=111578"}],"curies":[{"name":"wp","href":"https:\/\/api.w.org\/{rel}","templated":true}]}}