{"id":111582,"date":"2025-12-19T22:12:33","date_gmt":"2025-12-19T22:12:33","guid":{"rendered":"https:\/\/www.europesays.com\/se\/111582\/"},"modified":"2025-12-19T22:12:33","modified_gmt":"2025-12-19T22:12:33","slug":"plan-har-kraschat-i-usa","status":"publish","type":"post","link":"https:\/\/www.europesays.com\/se\/111582\/","title":{"rendered":"Plan har kraschat i USA"},"content":{"rendered":"<p class=\"sc-c25743f0-0 sc-e37c0145-2 hObFds DQgPn\">Ett plan har kraschat p\u00e5 en flygplats i North Carolina i samband med landning, rapporterar AP. En stor brand ska ha utbrutit i samband med kraschen.<\/p>\n<p class=\"sc-c25743f0-0 sc-e37c0145-2 hObFds DQgPn\">Planet ska vara ett aff\u00e4rsjetflygplan f\u00f6r runt 10 personer. F\u00f6r CNN uppger den lokala polisen att flera m\u00e4nniskor d\u00f6tt i samband med kraschen.<\/p>\n<p class=\"sc-c25743f0-0 sc-e37c0145-2 hObFds DQgPn\">Enligt flygplatsen Statesville Regional Airport intr\u00e4ffade olyckan 10.15, lokal tid. Flygplatsen h\u00e5ller st\u00e4ngt tills vidare, medan personal arbetar med att r\u00f6ja bort vrakdelar fr\u00e5n landningsbanan, uppger flygplatsens chef John Ferguson, rapporterar <a href=\"https:\/\/newschannel9.com\/news\/local\/plane-crashes-landing-north-carolina-airport-investigation-underway-faa-statesville-regional-airport-injuries-business-jet-federal-aviation-administration-cessna-c-550-aircraft-ntsb\" class=\"pcc\" target=\"_blank\" rel=\"noopener noreferrer nofollow\">News Channel 9<\/a>. <\/p>\n<p class=\"sc-c25743f0-0 sc-e37c0145-2 hObFds DQgPn\">Olyckan utreds av myndigheter.<\/p>\n<p class=\"sc-c25743f0-0 sc-e37c0145-2 hObFds DQgPn\">V\u00e4derf\u00f6rh\u00e5llandena vid tidpunkten f\u00f6r kraschen ska ha varit ogynnsamma. Dan DePodwin, vice prognoschef f\u00f6r AccuWeather, s\u00e4ger att kraftigt duggregn och molnt\u00e4cke rapporterades. Sikten var \u00e4ven nedsatt vid 10.30-tiden.<\/p>\n","protected":false},"excerpt":{"rendered":"Ett plan har kraschat p\u00e5 en flygplats i North Carolina i samband med landning, rapporterar AP. En stor&hellip;\n","protected":false},"author":2,"featured_media":77179,"comment_status":"","ping_status":"","sticky":false,"template":"","format":"standard","meta":{"footnotes":""},"categories":[14],"tags":[22,23,26,27,17,21,24,25,28,29,15,16,18,34,31,33,32,30,19,20,51,52,53,54],"class_list":{"0":"post-111582","1":"post","2":"type-post","3":"status-publish","4":"format-standard","5":"has-post-thumbnail","7":"category-varlden","8":"tag-breaking-news","9":"tag-breakingnews","10":"tag-featured-news","11":"tag-featurednews","12":"tag-headlines","13":"tag-huvudnyheter","14":"tag-latest-news","15":"tag-latestnews","16":"tag-main-news","17":"tag-mainnews","18":"tag-news","19":"tag-nyheter","20":"tag-rubriker","21":"tag-se","22":"tag-svenska","23":"tag-sverige","24":"tag-sweden","25":"tag-swedish","26":"tag-top-stories","27":"tag-topstories","28":"tag-varlden","29":"tag-world","30":"tag-world-news","31":"tag-worldnews"},"share_on_mastodon":{"url":"https:\/\/pubeurope.com\/@se\/115748532757250144","error":""},"_links":{"self":[{"href":"https:\/\/www.europesays.com\/se\/wp-json\/wp\/v2\/posts\/111582","targetHints":{"allow":["GET"]}}],"collection":[{"href":"https:\/\/www.europesays.com\/se\/wp-json\/wp\/v2\/posts"}],"about":[{"href":"https:\/\/www.europesays.com\/se\/wp-json\/wp\/v2\/types\/post"}],"author":[{"embeddable":true,"href":"https:\/\/www.europesays.com\/se\/wp-json\/wp\/v2\/users\/2"}],"replies":[{"embeddable":true,"href":"https:\/\/www.europesays.com\/se\/wp-json\/wp\/v2\/comments?post=111582"}],"version-history":[{"count":0,"href":"https:\/\/www.europesays.com\/se\/wp-json\/wp\/v2\/posts\/111582\/revisions"}],"wp:featuredmedia":[{"embeddable":true,"href":"https:\/\/www.europesays.com\/se\/wp-json\/wp\/v2\/media\/77179"}],"wp:attachment":[{"href":"https:\/\/www.europesays.com\/se\/wp-json\/wp\/v2\/media?parent=111582"}],"wp:term":[{"taxonomy":"category","embeddable":true,"href":"https:\/\/www.europesays.com\/se\/wp-json\/wp\/v2\/categories?post=111582"},{"taxonomy":"post_tag","embeddable":true,"href":"https:\/\/www.europesays.com\/se\/wp-json\/wp\/v2\/tags?post=111582"}],"curies":[{"name":"wp","href":"https:\/\/api.w.org\/{rel}","templated":true}]}}