{"id":111586,"date":"2025-12-19T22:19:17","date_gmt":"2025-12-19T22:19:17","guid":{"rendered":"https:\/\/www.europesays.com\/se\/111586\/"},"modified":"2025-12-19T22:19:17","modified_gmt":"2025-12-19T22:19:17","slug":"aremorden-far-sasong-2-pa-netflix-premiar-2026","status":"publish","type":"post","link":"https:\/\/www.europesays.com\/se\/111586\/","title":{"rendered":"\u00c5remorden f\u00e5r s\u00e4song 2 p\u00e5 Netflix \u2013 premi\u00e4r 2026"},"content":{"rendered":"<p>Publicerad 19 dec 2025 kl 12.18Uppdaterad kl 12.24<\/p>\n<p>H\u00e4r \u00e4r beskedet som fansen v\u00e4ntat p\u00e5:\u00a0<\/p>\n<p>\u201d\u00c5remorden\u201d f\u00e5r en ny s\u00e4song.\u00a0<\/p>\n<p>Premi\u00e4r: 2026.\u00a0<\/p>\n<p><img   alt=\"\"\/><\/p>\n<p>\u201d\u00c5remorden\u201d f\u00e5r s\u00e4song 2 p\u00e5 Netflix<\/p>\n<p>Foto: Nea Harnebrandt Asph\u00e4ll \/ Netflix<\/p>\n<p>\u00d6ppna bild i helsk\u00e4rm<\/p>\n<p><a href=\"https:\/\/www.expressen.se\/tagg\/organization\/netflix\/\" class=\"\" rel=\"nofollow noopener\" target=\"_blank\">Netflix<\/a> bekr\u00e4ftar nu att \u201d\u00c5remorden\u201d, den svenska serien med Carla Sehn i rollen som Hanna Ahlander, f\u00f6rnyas.\u00a0<\/p>\n<p>Beskedet kommer efter att serien i b\u00f6rjan av \u00e5ret toppat Netflix lista med de mest sedda icke-engelskspr\u00e5kiga serierna.\u00a0<\/p>\n<p>S\u00e4song 2 \u00e4r planerad att ha premi\u00e4r 2026. Ut\u00f6ver Carla Sehn bekr\u00e4ftas \u00e4ven att Kardo Razzazi forts\u00e4tter i rollen som Daniel Lindskog.\u00a0<\/p>\n<p><img loading=\"lazy\"   alt=\"\"\/><\/p>\n<p>F\u00f6rfattaren Viveca Sten.<\/p>\n<p>Foto: OLLE SPORRONG<\/p>\n<p>\u00d6ppna bild i helsk\u00e4rm<\/p>\n<p>Det var i november 2022 som Viaplay group meddelade att man best\u00e4llt \u201d\u00c5remorden\u201d, en serie baserad p\u00e5 Viveca Stens romaner.\u00a0<\/p>\n<p>Efter ett ekonomiskt st\u00e5lbad valde f\u00f6retaget att s\u00e4lja av flera best\u00e4llda och redan inspelade serier. Netflix tog d\u00e5 \u00f6ver bland annat \u201d\u00c5remorden\u201d.\u00a0<\/p>\n<p>F\u00f6rsta s\u00e4songen hade premi\u00e4r 6 februari. De fem avsnitten baseras p\u00e5 Viveca Stens romaner \u201dOffermakaren\u201d och \u201dDalskuggan\u201d.\u00a0<\/p>\n<p>MER OM &#8221;\u00c5REMORDEN&#8221;<\/p>\n<p>\u2022 Serie vars f\u00f6rsta s\u00e4song baserades p\u00e5 b\u00f6ckerna \u201dOffermakaren\u201d och \u201dDalskuggan\u201d av Viveca Sten. I fokus: polisen Hanna Ahlander, som blivit avst\u00e4ngd fr\u00e5n sitt jobb i Stockholm och dumpad av sin partner n\u00e4r hon best\u00e4mmer sig f\u00f6r att flytta till sin systers fritidshus i \u00c5re.<\/p>\n<p>\u2022 F\u00f6rsta s\u00e4songen regisserades av Joakim Eliasson och Alain Darborg efter manus av Karin Gidfors och Jimmy Lindgren. SF Studios producerade med Brita H. Lundqvist som producent.\u00a0<\/p>\n<p>\u2022 P\u00e5 rollistan i s\u00e4song 1 finns Carla Sehn, Kardo Razzazi, Charlie Gustafsson, Francisco Sobrado, Amalia Holm, Frida Argento, Agnes Kittelsen, Jon \u00d8igarden, Robin Stegmar, Olle Sarri, Samuel Astor och Moa Gammel.<\/p>\n<p>\u2022 \u201d\u00c5remorden\u201d s\u00e4song 2 har premi\u00e4r 2026 p\u00e5 Netflix.\u00a0<\/p>\n<p>Visa mer<\/p>\n<p>Efter premi\u00e4ren toppade serien Netflix topplista i 26 l\u00e4nder.\u00a0<\/p>\n<p>\u2013 Det \u00e4r magiskt att s\u00e5 m\u00e5nga m\u00e4nniskor \u00f6ver hela v\u00e4rlden har hittat \u201d\u00c5remorden\u201d och uppskattar serien. Vi har jobbat med filmatiseringen i olika steg sedan 2022 h\u00e4r p\u00e5 SF Studios och resan har best\u00e5tt av samarbeten med s\u00e5 m\u00e5nga fantastiska kreat\u00f6rer, teammedlemmar och partners som alla har investerat sin tid och engagemang i serien, sade seriens producent Brita Lundqvist till Expressen efter succ\u00e9n.\u00a0<\/p>\n<p>Hon fortsatte:\u00a0<\/p>\n<p>\u2013 Jag tror att vi tillsammans har lyckats skapa ett universum och en ton som passar v\u00e4ldigt m\u00e5nga olika m\u00e4nniskor.\u00a0<\/p>\n","protected":false},"excerpt":{"rendered":"Publicerad 19 dec 2025 kl 12.18Uppdaterad kl 12.24 H\u00e4r \u00e4r beskedet som fansen v\u00e4ntat p\u00e5:\u00a0 \u201d\u00c5remorden\u201d f\u00e5r en&hellip;\n","protected":false},"author":2,"featured_media":111587,"comment_status":"","ping_status":"","sticky":false,"template":"","format":"standard","meta":{"footnotes":""},"categories":[67],"tags":[104,1839,9466,34,645,31,33,32,30,646,105],"class_list":{"0":"post-111586","1":"post","2":"type-post","3":"status-publish","4":"format-standard","5":"has-post-thumbnail","7":"category-underhallning","8":"tag-entertainment","9":"tag-organization-netflix","10":"tag-person-viveca-sten","11":"tag-se","12":"tag-sections-tv","13":"tag-svenska","14":"tag-sverige","15":"tag-sweden","16":"tag-swedish","17":"tag-topic-tv-serier","18":"tag-underhallning"},"share_on_mastodon":{"url":"https:\/\/pubeurope.com\/@se\/115748560153185054","error":""},"_links":{"self":[{"href":"https:\/\/www.europesays.com\/se\/wp-json\/wp\/v2\/posts\/111586","targetHints":{"allow":["GET"]}}],"collection":[{"href":"https:\/\/www.europesays.com\/se\/wp-json\/wp\/v2\/posts"}],"about":[{"href":"https:\/\/www.europesays.com\/se\/wp-json\/wp\/v2\/types\/post"}],"author":[{"embeddable":true,"href":"https:\/\/www.europesays.com\/se\/wp-json\/wp\/v2\/users\/2"}],"replies":[{"embeddable":true,"href":"https:\/\/www.europesays.com\/se\/wp-json\/wp\/v2\/comments?post=111586"}],"version-history":[{"count":0,"href":"https:\/\/www.europesays.com\/se\/wp-json\/wp\/v2\/posts\/111586\/revisions"}],"wp:featuredmedia":[{"embeddable":true,"href":"https:\/\/www.europesays.com\/se\/wp-json\/wp\/v2\/media\/111587"}],"wp:attachment":[{"href":"https:\/\/www.europesays.com\/se\/wp-json\/wp\/v2\/media?parent=111586"}],"wp:term":[{"taxonomy":"category","embeddable":true,"href":"https:\/\/www.europesays.com\/se\/wp-json\/wp\/v2\/categories?post=111586"},{"taxonomy":"post_tag","embeddable":true,"href":"https:\/\/www.europesays.com\/se\/wp-json\/wp\/v2\/tags?post=111586"}],"curies":[{"name":"wp","href":"https:\/\/api.w.org\/{rel}","templated":true}]}}