{"id":111617,"date":"2025-12-19T23:10:08","date_gmt":"2025-12-19T23:10:08","guid":{"rendered":"https:\/\/www.europesays.com\/se\/111617\/"},"modified":"2025-12-19T23:10:08","modified_gmt":"2025-12-19T23:10:08","slug":"detta-ar-motstandet-mot-spotifys-varldsherravalde","status":"publish","type":"post","link":"https:\/\/www.europesays.com\/se\/111617\/","title":{"rendered":"Detta \u00e4r motst\u00e5ndet mot Spotifys v\u00e4rldsherrav\u00e4lde"},"content":{"rendered":"<p>Publicerad 19 dec 2025 kl 13.24Uppdaterad kl 15.35<\/p>\n<p>Det \u00e4r ett privilegium att jobba med musik.<\/p>\n<p>Lovis Bratt Deland undrar om det ens g\u00e5r att undvika att bli en sellout.<\/p>\n<p><img   alt=\"\"\/><\/p>\n<p>Addison Rae gjorde karri\u00e4r p\u00e5 Tiktok innan hon slog igenom som artist.<\/p>\n<p>Foto: Yehiel Chekroune \/ TT NYHETSBYR\u00c5N<\/p>\n<p>\u00d6ppna bild i helsk\u00e4rm<\/p>\n<p><strong>KULTURDEBATT.<\/strong> G\u00e5r det att undvika att vara en sellout i dag?<\/p>\n<p>Civil polis g\u00f6r i alla fall ett tappert f\u00f6rs\u00f6k. Bandet, som har \u00f6ver 200 medlemmar och saknar frontman, \u00e4gnar sig \u00e5t postprogg och ska l\u00f6sa postmodernismens alla problem med pop. Tillsammans har de startat en kulturf\u00f6rening som de uppmuntrar sin publik att g\u00e5 med i. D\u00e4rav de m\u00e5nga medlemmarna. P\u00e5 scen st\u00e5r dock en handfull maskerade musiker. \u00a0<\/p>\n<p>N\u00e4r bandet i v\u00e5ras sl\u00e4ppte albumet \u201dEn man utan referenser\u201d (en referens till den \u00f6sterrikiske f\u00f6rfattaren <strong>Robert Musils <\/strong>ofullbordade roman \u201dMannen utan egenskaper\u201d) var det endast som skiva och via den egna str\u00f6mningstj\u00e4nsten Civil radio. En inte s\u00e5 tyst protest mot <strong>Daniel Eks<\/strong> imperium.\u00a0<\/p>\n<p>\u201dCivil polis kan ha en liten revolution p\u00e5 g\u00e5ng\u201d, kunde man d\u00e5 l\u00e4sa <a href=\"https:\/\/www.aftonbladet.se\/nojesbladet\/musik\/a\/0Vd2p2\/civil-polis-en-man-utan-referenser-recension\" rel=\"nofollow noopener\" target=\"_blank\">i Aftonbladet<\/a>. Och motst\u00e5ndsr\u00f6relsen gjorde <strong>Andres Lokko<\/strong> s\u00e5 till sig att han <a href=\"https:\/\/www.svd.se\/a\/jQ2jEo\/en-modig-protest-mot-spotifys-daniel-ek\" rel=\"nofollow noopener\" target=\"_blank\">i SvD kallade skivan f\u00f6r \u201d\u00e5rets viktigaste svenska popalbum\u201d<\/a> innan han ens hade lyssnat. Han liknar Civil radio vid \u201dHow to make a record\u201d \u2013 manifestet som den walesiska poporkestern Scritti Politti publicerade 1977 f\u00f6r att visa att det \u00e4r m\u00f6jligt att frig\u00f6ra sig fr\u00e5n de stora skivbolagen. En liknelse man kan gissa att Lokko g\u00e5tt och l\u00e4ngtat efter att bruka.<\/p>\n<p><img loading=\"lazy\"   alt=\"\"\/><\/p>\n<p>2025 sl\u00e4ppte Civil polis albumet \u201dEn man utan referenser\u201d.<\/p>\n<p>Foto: Hannes M\u00f6rk<\/p>\n<p>\u00d6ppna bild i helsk\u00e4rm<\/p>\n<p>Musikbranschen har under h\u00f6sten blivit f\u00f6rem\u00e5l f\u00f6r diskussion. I vad som kommit att kallas poptimismdebatten kritiseras plattformskapitalismen och hur dess tillh\u00f6rande marknadslogik p\u00e5verkat kritikers omd\u00f6men. Och urval. Musikskribenter f\u00f6rdelar sina tecken mellan popdrottningar som <strong>Taylor Swift<\/strong> och <strong>Lily Allen<\/strong> och missar p\u00e5 s\u00e5 s\u00e4tt undergroundscenen. Och alla andra genrer \u00e4n pop.\u00a0<\/p>\n<p>Den status som en g\u00e5ng fanns i att vara antietablissemanget \u00e4r i dag som bortbl\u00e5st. Det menar den i poptimismdebatten mycket omskrivne amerikanske f\u00f6rfattaren och kulturjournalisten <strong>W David Marx<\/strong>. Du som \u00e4r sval och sv\u00e5r bel\u00f6nas inte l\u00e4ngre f\u00f6r att du tar risker. Numera m\u00e4ts status i popularitet.\u00a0<\/p>\n<p>I sin bok \u201dBlank Space\u201d, d\u00f6pt efter Taylor Swifts hit med samma namn, exemplifierar Marx med 1990-talsbandet Pearl jam, som fick panik n\u00e4r deras debutalbum \u201dTen\u201d s\u00e5lde som sm\u00f6r. Pearl jam var punk p\u00e5 det viset att de gjorde allt f\u00f6r att inte k\u00f6pas. N\u00e4r deras musikvideor plockades upp av <a href=\"https:\/\/www.expressen.se\/tagg\/organization\/mtv\/\" class=\"\" rel=\"nofollow noopener\" target=\"_blank\">MTV<\/a> gjorde de inga fler. Och n\u00e4r n\u00e4sta platta kom var det utan video och radiov\u00e4nliga singlar. Det blev succ\u00e9, s\u00e5 klart.\u00a0<\/p>\n<p><img loading=\"lazy\"   alt=\"\"\/><\/p>\n<p>2025 sl\u00e4ppte Addison Rae albumet \u201dAddison\u201d.<\/p>\n<p>Foto: ALEQ \/ BACKGRID US \/ TT NYHETSBYR\u00c5N<\/p>\n<p>\u00d6ppna bild i helsk\u00e4rm<\/p>\n<p>I dag har ingen l\u00e4ngre r\u00e5d att vara motvalls.\u00a0<\/p>\n<p>Kulturarbetare k\u00f6r taxi f\u00f6r att g\u00e5 runt. F\u00f6r up and coming-artister \u00e4r sociala medier inte l\u00e4ngre ett val, det \u00e4r i fl\u00f6det skivbolagen scoutar. Men man klagar inte, eftersom att det \u00e4r ett privilegium att g\u00f6ra musik. Det \u00e4r ingen m\u00e4nsklig r\u00e4ttighet att st\u00e5 p\u00e5 scen. Tv\u00e4rtom ska man vara glad att man f\u00e5r h\u00e5lla p\u00e5 \u2013 ungef\u00e4r som att man i en gigekonomi med skyh\u00f6g arbetsl\u00f6shet ska vara tacksam f\u00f6r att \u00f6verhuvudtaget f\u00e5 jobba.\u00a0<\/p>\n<p>Annons<\/p>\n<p>S\u00e5 n\u00e4r v\u00e4rldsstj\u00e4rnor som <strong>Addison Rae<\/strong> ber\u00e4ttar om hur hon fick k\u00e4mpa f\u00f6r att bestiga det s\u00e5 kallade cringe-berget \u2013 Tiktokdanser, sk\u00e5despeleri, podcast, parfymlansering \u2013 inte bara tror vi henne. Vi f\u00f6rl\u00e5ter henne.\u00a0<\/p>\n<p>S\u00e5dan \u00e4r t\u00e5gordningen: f\u00f6rst ber\u00f6mmelse, sedan musik. En premiss som f\u00f6rvisso f\u00f6rsett oss med musikunder som <strong>Samir<\/strong> och <strong>Viktor<\/strong>, f\u00f6r att inte tala om <strong>Milly<\/strong> fr\u00e5n \u201dLove is blind\u201d. You win some, you lose some!\u00a0<\/p>\n<p>N\u00e4r tv\u00e5 spr\u00e5kr\u00f6r fr\u00e5n Civil polis <a href=\"https:\/\/arbetet.se\/2025\/06\/02\/civil-polis-spotify-ar-en-finlandsfarja-med-slutdestination-helvetet\/\" rel=\"nofollow noopener\" target=\"_blank\">i en intervju med Arbetet<\/a> f\u00e5r fr\u00e5gan om m\u00e5let med deras str\u00f6mningsplattform svarar de att de dr\u00f6mmer om att kunna ta ut en m\u00e5nadsl\u00f6n. I betalv\u00e4ggar, Substack och Patreons storhetstid \u2013 som bygger p\u00e5 att en mindre skara desto mer lojala fans betalar f\u00f6r inneh\u00e5ll \u2013 k\u00e4nns det inte om\u00f6jligt.<\/p>\n<p>Bara m\u00e5nader efter lanseringen av Civil radio meddelade Daniel Ek att han l\u00e4mnar vd-posten p\u00e5 Spotify. Sammantr\u00e4ffande? Ja, med st\u00f6rsta sannolikhet. Men man kan ju dr\u00f6mma.<\/p>\n<p>Lovis Bratt Deland \u00e4r kulturskribent och debattredakt\u00f6r.\u00a0<\/p>\n","protected":false},"excerpt":{"rendered":"Publicerad 19 dec 2025 kl 13.24Uppdaterad kl 15.35 Det \u00e4r ett privilegium att jobba med musik. Lovis Bratt&hellip;\n","protected":false},"author":2,"featured_media":111618,"comment_status":"","ping_status":"","sticky":false,"template":"","format":"standard","meta":{"footnotes":""},"categories":[67],"tags":[104,12300,483,4267,776,34,31,33,32,30,402,105],"class_list":{"0":"post-111617","1":"post","2":"type-post","3":"status-publish","4":"format-standard","5":"has-post-thumbnail","7":"category-underhallning","8":"tag-entertainment","9":"tag-organization-mtv","10":"tag-organization-svenska-dagbladet","11":"tag-person-andres-lokko","12":"tag-person-taylor-swift","13":"tag-se","14":"tag-svenska","15":"tag-sverige","16":"tag-sweden","17":"tag-swedish","18":"tag-topic-artister","19":"tag-underhallning"},"share_on_mastodon":{"url":"https:\/\/pubeurope.com\/@se\/115748760684464978","error":""},"_links":{"self":[{"href":"https:\/\/www.europesays.com\/se\/wp-json\/wp\/v2\/posts\/111617","targetHints":{"allow":["GET"]}}],"collection":[{"href":"https:\/\/www.europesays.com\/se\/wp-json\/wp\/v2\/posts"}],"about":[{"href":"https:\/\/www.europesays.com\/se\/wp-json\/wp\/v2\/types\/post"}],"author":[{"embeddable":true,"href":"https:\/\/www.europesays.com\/se\/wp-json\/wp\/v2\/users\/2"}],"replies":[{"embeddable":true,"href":"https:\/\/www.europesays.com\/se\/wp-json\/wp\/v2\/comments?post=111617"}],"version-history":[{"count":0,"href":"https:\/\/www.europesays.com\/se\/wp-json\/wp\/v2\/posts\/111617\/revisions"}],"wp:featuredmedia":[{"embeddable":true,"href":"https:\/\/www.europesays.com\/se\/wp-json\/wp\/v2\/media\/111618"}],"wp:attachment":[{"href":"https:\/\/www.europesays.com\/se\/wp-json\/wp\/v2\/media?parent=111617"}],"wp:term":[{"taxonomy":"category","embeddable":true,"href":"https:\/\/www.europesays.com\/se\/wp-json\/wp\/v2\/categories?post=111617"},{"taxonomy":"post_tag","embeddable":true,"href":"https:\/\/www.europesays.com\/se\/wp-json\/wp\/v2\/tags?post=111617"}],"curies":[{"name":"wp","href":"https:\/\/api.w.org\/{rel}","templated":true}]}}