{"id":111619,"date":"2025-12-19T23:13:08","date_gmt":"2025-12-19T23:13:08","guid":{"rendered":"https:\/\/www.europesays.com\/se\/111619\/"},"modified":"2025-12-19T23:13:08","modified_gmt":"2025-12-19T23:13:08","slug":"usa-angriper-misstankta-is-mal-i-syrien","status":"publish","type":"post","link":"https:\/\/www.europesays.com\/se\/111619\/","title":{"rendered":"USA angriper misst\u00e4nkta IS-m\u00e5l i Syrien"},"content":{"rendered":"<p>De amerikanska angreppen riktar in sig mot misst\u00e4nkta IS-medlemmar, mot infrastruktur och vapendep\u00e5er som tros tillh\u00f6ra terrorr\u00f6relsen, meddelade Pentagonchefen Hegseth \u2013 vars titel enligt Trumpstyret \u00e4r krigsminister \u2013 sent p\u00e5 fredagen.<\/p>\n<p>Kort d\u00e4refter bekr\u00e4ftar president Donald Trump uppgifterna via <a href=\"https:\/\/truthsocial.com\/@realDonaldTrump\/115748701721247530\" rel=\"nofollow noopener\" target=\"_blank\">Truth Social<\/a>.<\/p>\n<p>\u201dVi sl\u00e5r till med stor kraft mot ISIS-f\u00e4sten i Syrien, en plats dr\u00e4nkt i blod som har m\u00e5nga problem, men som har en ljus framtid om ISIS kan utrotas. Syriens regering, ledd av en man som arbetar mycket h\u00e5rt f\u00f6r att \u00e5terf\u00f6ra storhet till Syrien, st\u00f6der dem fullt ut.\u201d skriver han bland annat.<\/p>\n<p>Svar efter tidigare attack<\/p>\n<p>Tre amerikanska medborgare, tv\u00e5 milit\u00e4rer och en civil tolk, d\u00f6dades i en attack mot amerikanska styrkor 13 december. Direkt efter d\u00e5den sade Donald Trump att USA kommer att h\u00e4mnas angreppen.<\/p>\n<p>Den misst\u00e4nkta IS-attacken i Syrien skedde enligt Pentagon i Palmyra, d\u00e4r amerikanerna ingick i en delegation tillsammans med syriska s\u00e4kerhetsstyrkor med syfte att tr\u00e4ffa lokala beslutsfattare och motverka terrorism.<\/p>\n","protected":false},"excerpt":{"rendered":"De amerikanska angreppen riktar in sig mot misst\u00e4nkta IS-medlemmar, mot infrastruktur och vapendep\u00e5er som tros tillh\u00f6ra terrorr\u00f6relsen, meddelade&hellip;\n","protected":false},"author":2,"featured_media":111620,"comment_status":"","ping_status":"","sticky":false,"template":"","format":"standard","meta":{"footnotes":""},"categories":[14],"tags":[22,23,26,27,17,21,24,25,28,29,15,16,18,34,31,33,32,30,19,20,51,52,53,54],"class_list":{"0":"post-111619","1":"post","2":"type-post","3":"status-publish","4":"format-standard","5":"has-post-thumbnail","7":"category-varlden","8":"tag-breaking-news","9":"tag-breakingnews","10":"tag-featured-news","11":"tag-featurednews","12":"tag-headlines","13":"tag-huvudnyheter","14":"tag-latest-news","15":"tag-latestnews","16":"tag-main-news","17":"tag-mainnews","18":"tag-news","19":"tag-nyheter","20":"tag-rubriker","21":"tag-se","22":"tag-svenska","23":"tag-sverige","24":"tag-sweden","25":"tag-swedish","26":"tag-top-stories","27":"tag-topstories","28":"tag-varlden","29":"tag-world","30":"tag-world-news","31":"tag-worldnews"},"share_on_mastodon":{"url":"https:\/\/pubeurope.com\/@se\/115748772443662992","error":""},"_links":{"self":[{"href":"https:\/\/www.europesays.com\/se\/wp-json\/wp\/v2\/posts\/111619","targetHints":{"allow":["GET"]}}],"collection":[{"href":"https:\/\/www.europesays.com\/se\/wp-json\/wp\/v2\/posts"}],"about":[{"href":"https:\/\/www.europesays.com\/se\/wp-json\/wp\/v2\/types\/post"}],"author":[{"embeddable":true,"href":"https:\/\/www.europesays.com\/se\/wp-json\/wp\/v2\/users\/2"}],"replies":[{"embeddable":true,"href":"https:\/\/www.europesays.com\/se\/wp-json\/wp\/v2\/comments?post=111619"}],"version-history":[{"count":0,"href":"https:\/\/www.europesays.com\/se\/wp-json\/wp\/v2\/posts\/111619\/revisions"}],"wp:featuredmedia":[{"embeddable":true,"href":"https:\/\/www.europesays.com\/se\/wp-json\/wp\/v2\/media\/111620"}],"wp:attachment":[{"href":"https:\/\/www.europesays.com\/se\/wp-json\/wp\/v2\/media?parent=111619"}],"wp:term":[{"taxonomy":"category","embeddable":true,"href":"https:\/\/www.europesays.com\/se\/wp-json\/wp\/v2\/categories?post=111619"},{"taxonomy":"post_tag","embeddable":true,"href":"https:\/\/www.europesays.com\/se\/wp-json\/wp\/v2\/tags?post=111619"}],"curies":[{"name":"wp","href":"https:\/\/api.w.org\/{rel}","templated":true}]}}