{"id":111628,"date":"2025-12-19T23:30:40","date_gmt":"2025-12-19T23:30:40","guid":{"rendered":"https:\/\/www.europesays.com\/se\/111628\/"},"modified":"2025-12-19T23:30:40","modified_gmt":"2025-12-19T23:30:40","slug":"lojligt-att-saga-att-vi-tvingar-ukraina","status":"publish","type":"post","link":"https:\/\/www.europesays.com\/se\/111628\/","title":{"rendered":"L\u00f6jligt att s\u00e4ga att vi tvingar Ukraina"},"content":{"rendered":"<p>Att p\u00e5st\u00e5 att USA f\u00f6rs\u00f6ker tvinga p\u00e5 Ukraina ett fredsavtal \u00e4r \u201dl\u00f6jligt\u201d. Det s\u00e4ger USA:s utrikesminister Marco Rubio enligt AFP.<\/p>\n<p>\u2013 Vi kan inte tvinga Ukraina till ett avtal, och vi kan inte tvinga Ryssland till ett avtal. De m\u00e5ste vilja ha ett avtal.<\/p>\n<p>P\u00e5 fredagen h\u00e5ller USA och Ukraina f\u00f6rhandlingar d\u00e4r de nationella s\u00e4kerhetsr\u00e5dgivarna fr\u00e5n Storbritannien, Tyskland och Frankrike deltar. I helgen h\u00e5lls nya f\u00f6rhandlingar mellan USA och Ryssland.<\/p>\n<p>Omni \u00e4r politiskt obundna och oberoende. Vi str\u00e4var efter att ge fler perspektiv p\u00e5 nyheterna. Har du fr\u00e5gor eller synpunkter kring v\u00e5r rapportering? <a href=\"https:\/\/omni.se\/rubio-lojligt-att-saga-att-vi-tvingar-ukraina\/a\/mailto:redaktion@omni.se\" class=\"ArticleActions_contactLink__W2F1M\" rel=\"nofollow noopener\" target=\"_blank\">Kontakta redaktionen<\/a><\/p>\n","protected":false},"excerpt":{"rendered":"Att p\u00e5st\u00e5 att USA f\u00f6rs\u00f6ker tvinga p\u00e5 Ukraina ett fredsavtal \u00e4r \u201dl\u00f6jligt\u201d. Det s\u00e4ger USA:s utrikesminister Marco Rubio&hellip;\n","protected":false},"author":2,"featured_media":111629,"comment_status":"","ping_status":"","sticky":false,"template":"","format":"standard","meta":{"footnotes":""},"categories":[14],"tags":[22,23,267,26,27,266,17,21,24,25,28,29,1120,15,268,16,18,269,264,34,593,31,33,32,30,19,20,408,263,74,51,52,53,54],"class_list":{"0":"post-111628","1":"post","2":"type-post","3":"status-publish","4":"format-standard","5":"has-post-thumbnail","7":"category-varlden","8":"tag-breaking-news","9":"tag-breakingnews","10":"tag-europa","11":"tag-featured-news","12":"tag-featurednews","13":"tag-frankrike","14":"tag-headlines","15":"tag-huvudnyheter","16":"tag-latest-news","17":"tag-latestnews","18":"tag-main-news","19":"tag-mainnews","20":"tag-marco-rubio","21":"tag-news","22":"tag-nordamerika","23":"tag-nyheter","24":"tag-rubriker","25":"tag-ryska-invasionen","26":"tag-ryssland","27":"tag-se","28":"tag-storbritannien","29":"tag-svenska","30":"tag-sverige","31":"tag-sweden","32":"tag-swedish","33":"tag-top-stories","34":"tag-topstories","35":"tag-tyskland","36":"tag-ukraina","37":"tag-usa","38":"tag-varlden","39":"tag-world","40":"tag-world-news","41":"tag-worldnews"},"share_on_mastodon":{"url":"https:\/\/pubeurope.com\/@se\/115748839325225210","error":""},"_links":{"self":[{"href":"https:\/\/www.europesays.com\/se\/wp-json\/wp\/v2\/posts\/111628","targetHints":{"allow":["GET"]}}],"collection":[{"href":"https:\/\/www.europesays.com\/se\/wp-json\/wp\/v2\/posts"}],"about":[{"href":"https:\/\/www.europesays.com\/se\/wp-json\/wp\/v2\/types\/post"}],"author":[{"embeddable":true,"href":"https:\/\/www.europesays.com\/se\/wp-json\/wp\/v2\/users\/2"}],"replies":[{"embeddable":true,"href":"https:\/\/www.europesays.com\/se\/wp-json\/wp\/v2\/comments?post=111628"}],"version-history":[{"count":0,"href":"https:\/\/www.europesays.com\/se\/wp-json\/wp\/v2\/posts\/111628\/revisions"}],"wp:featuredmedia":[{"embeddable":true,"href":"https:\/\/www.europesays.com\/se\/wp-json\/wp\/v2\/media\/111629"}],"wp:attachment":[{"href":"https:\/\/www.europesays.com\/se\/wp-json\/wp\/v2\/media?parent=111628"}],"wp:term":[{"taxonomy":"category","embeddable":true,"href":"https:\/\/www.europesays.com\/se\/wp-json\/wp\/v2\/categories?post=111628"},{"taxonomy":"post_tag","embeddable":true,"href":"https:\/\/www.europesays.com\/se\/wp-json\/wp\/v2\/tags?post=111628"}],"curies":[{"name":"wp","href":"https:\/\/api.w.org\/{rel}","templated":true}]}}