{"id":111636,"date":"2025-12-19T23:48:08","date_gmt":"2025-12-19T23:48:08","guid":{"rendered":"https:\/\/www.europesays.com\/se\/111636\/"},"modified":"2025-12-19T23:48:08","modified_gmt":"2025-12-19T23:48:08","slug":"vi-klarar-inte-ett-langdraget-krig","status":"publish","type":"post","link":"https:\/\/www.europesays.com\/se\/111636\/","title":{"rendered":"Vi klarar inte ett l\u00e5ngdraget krig"},"content":{"rendered":"<p>Nato saknar i dag den uth\u00e5llighet som kr\u00e4vs f\u00f6r en l\u00e5ngdragen konflikt med Ryssland, enligt Mike Utley, Natos h\u00f6gste marina bef\u00e4lhavare. \u00a0<\/p>\n<p>\u2013 Den h\u00e4r utmaningen kommer att bli mer komplex, mer l\u00e5ngvarig och den kommer inte att f\u00f6rsvinna, s\u00e4ger han till <a href=\"https:\/\/www.bloomberg.com\/news\/articles\/2025-12-19\/nato-lacks-resilience-to-fight-a-long-war-naval-chief-warns?embedded-checkout=true\" rel=\"nofollow noopener\" target=\"_blank\">Bloomberg<\/a>.\u00a0<\/p>\n<p>Senaste klippen om kriget i Ukraina.<img   alt=\"\"\/><\/p>\n<p>Mike Utley \u00e4r viceamiral i brittiska Royal Navy och chef f\u00f6r Natos Allied Maritime Command.<\/p>\n<p>Foto: ANNA-KARIN NILSSON<\/p>\n<p>\u00d6ppna bild i helsk\u00e4rm<img loading=\"lazy\"   alt=\"\"\/><\/p>\n<p>Nato\u00f6vningen Dynamic Mongoose utanf\u00f6r norska Bergen 2015.<\/p>\n<p>Foto: HOMMEDAL, MARIT \/ NTB TT NYHETSBYR\u00c5N<\/p>\n<p>\u00d6ppna bild i helsk\u00e4rm<img loading=\"lazy\"   alt=\"\"\/> <\/p>\n<p>Foto: AA \/ STELLA PICTURES<\/p>\n<p>\u00d6ppna bild i helsk\u00e4rm<\/p>\n<p><a href=\"https:\/\/www.expressen.se\/tagg\/organization\/nato\/\" class=\"\" rel=\"nofollow noopener\" target=\"_blank\">Nato<\/a> har \u00f6verl\u00e4gsna milit\u00e4ra f\u00f6rm\u00e5gor j\u00e4mf\u00f6rt med Ryssland \u2013 p\u00e5 n\u00e4stan alla punkter.<\/p>\n<p>Men en f\u00f6rm\u00e5ga saknas: kapaciteten att h\u00e5lla ut under en l\u00e4ngre period av ih\u00e5llande strider. Det s\u00e4ger Mike Utley viceamiral i brittiska Royal Navy och chef f\u00f6r Natos Allied Maritime Command, till Bloomberg.<\/p>\n<p>\u2013 Har vi den uth\u00e5llighet vi skulle vilja ha? Jag tycker att kommentarerna under de senaste tio m\u00e5naderna har visat att svaret \u00e4r nej, det har vi inte.\u00a0<\/p>\n<p>I f\u00f6rra veckan sa Natos generalsekreterare Mark Rutte att \u201dRyssland kan vara redo att anv\u00e4nda milit\u00e4rt v\u00e5ld mot Nato inom fem \u00e5r\u201d och att alliansen \u201dm\u00e5ste vara f\u00f6rberedd p\u00e5 den typ av krig som v\u00e5ra mor- eller farf\u00f6r\u00e4ldrar genomled\u201d.<\/p>\n<p><img loading=\"lazy\"   alt=\"\"\/><\/p>\n<p>Utley menar att Nato i dag saknar det som kr\u00e4vs f\u00f6r att klara en l\u00e5ngdragen konflikt med exempelvis Ryssland.<\/p>\n<p>Foto: ANNA-KARIN NILSSON<\/p>\n<p>\u00d6ppna bild i helsk\u00e4rm\u201dHelt annat slagf\u00e4lt\u201d<\/p>\n<p>Nato publicerade i \u00e5r en ny maritim strategi. D\u00e4r pekas Ryssland och terrorism ut som Natos tv\u00e5 st\u00f6rsta hot och strategin lyfter fram transatlantiska s\u00e4kerhetsrisker kopplade till den s\u00e5 kallade skuggflottan av fartyg. \u00c4ven den ryska \u00f6vervakningen av Europas undervattensinfrastruktur n\u00e4mns.\u00a0<\/p>\n<p>\u00c4ven Kina \u201dutg\u00f6r systematiska utmaningar\u201d p\u00e5 grund av sin snabbt v\u00e4xande marina kapacitet, sin bredare milit\u00e4ra upprustning och sin n\u00e4rvaro i Arktis och det s\u00e5 kallade h\u00f6ga nord. Det \u201df\u00f6rdjupade strategiska partnerskapet\u201d mellan Peking och Moskva \u00e4r ocks\u00e5 en k\u00e4lla till oro f\u00f6r Nato, som ser Kina som en \u201davg\u00f6rande m\u00f6jligg\u00f6rare\u201d f\u00f6r Rysslands krig i Ukraina.<\/p>\n<p>\u2013 Den h\u00e4r utmaningen kommer att bli mer komplex, mer l\u00e5ngvarig och den kommer inte att f\u00f6rsvinna. Det \u00e4r verkligen ett helt annat slagf\u00e4lt, s\u00e4ger Utley till Bloomberg.\u00a0<\/p>\n<p>Trots sina reservationer kring den nuvarande beredskapen f\u00f6r en l\u00e5ngvarig konflikt s\u00e4ger Utley att Nato-l\u00e4nderna \u00e4r v\u00e4l insatta i problematiken och g\u00f6r vad som kr\u00e4vs. \u00a0<\/p>\n<p>\u2013 Tycker jag att det g\u00e5r i r\u00e4tt riktning? Absolut. Ja, det g\u00f6r det, sade han<\/p>\n","protected":false},"excerpt":{"rendered":"Nato saknar i dag den uth\u00e5llighet som kr\u00e4vs f\u00f6r en l\u00e5ngdragen konflikt med Ryssland, enligt Mike Utley, Natos&hellip;\n","protected":false},"author":2,"featured_media":111637,"comment_status":"","ping_status":"","sticky":false,"template":"","format":"standard","meta":{"footnotes":""},"categories":[5],"tags":[50,22,23,26,27,17,21,24,25,274,28,29,15,276,16,1401,18,34,55,31,33,32,30,19,60,49,20],"class_list":{"0":"post-111636","1":"post","2":"type-post","3":"status-publish","4":"format-standard","5":"has-post-thumbnail","7":"category-rubriker","8":"tag-arme-forsvar","9":"tag-breaking-news","10":"tag-breakingnews","11":"tag-featured-news","12":"tag-featurednews","13":"tag-headlines","14":"tag-huvudnyheter","15":"tag-latest-news","16":"tag-latestnews","17":"tag-location-ryssland","18":"tag-main-news","19":"tag-mainnews","20":"tag-news","21":"tag-newsstory-kriget-i-ukraina","22":"tag-nyheter","23":"tag-organization-nato","24":"tag-rubriker","25":"tag-se","26":"tag-sections-varlden","27":"tag-svenska","28":"tag-sverige","29":"tag-sweden","30":"tag-swedish","31":"tag-top-stories","32":"tag-topic-krig-konflikt","33":"tag-topic-militar","34":"tag-topstories"},"share_on_mastodon":{"url":"https:\/\/pubeurope.com\/@se\/115748910154209115","error":""},"_links":{"self":[{"href":"https:\/\/www.europesays.com\/se\/wp-json\/wp\/v2\/posts\/111636","targetHints":{"allow":["GET"]}}],"collection":[{"href":"https:\/\/www.europesays.com\/se\/wp-json\/wp\/v2\/posts"}],"about":[{"href":"https:\/\/www.europesays.com\/se\/wp-json\/wp\/v2\/types\/post"}],"author":[{"embeddable":true,"href":"https:\/\/www.europesays.com\/se\/wp-json\/wp\/v2\/users\/2"}],"replies":[{"embeddable":true,"href":"https:\/\/www.europesays.com\/se\/wp-json\/wp\/v2\/comments?post=111636"}],"version-history":[{"count":0,"href":"https:\/\/www.europesays.com\/se\/wp-json\/wp\/v2\/posts\/111636\/revisions"}],"wp:featuredmedia":[{"embeddable":true,"href":"https:\/\/www.europesays.com\/se\/wp-json\/wp\/v2\/media\/111637"}],"wp:attachment":[{"href":"https:\/\/www.europesays.com\/se\/wp-json\/wp\/v2\/media?parent=111636"}],"wp:term":[{"taxonomy":"category","embeddable":true,"href":"https:\/\/www.europesays.com\/se\/wp-json\/wp\/v2\/categories?post=111636"},{"taxonomy":"post_tag","embeddable":true,"href":"https:\/\/www.europesays.com\/se\/wp-json\/wp\/v2\/tags?post=111636"}],"curies":[{"name":"wp","href":"https:\/\/api.w.org\/{rel}","templated":true}]}}