{"id":111649,"date":"2025-12-20T01:06:10","date_gmt":"2025-12-20T01:06:10","guid":{"rendered":"https:\/\/www.europesays.com\/se\/111649\/"},"modified":"2025-12-20T01:06:10","modified_gmt":"2025-12-20T01:06:10","slug":"biltema-karlstad-varslar-59-anstallda-infor-jul","status":"publish","type":"post","link":"https:\/\/www.europesays.com\/se\/111649\/","title":{"rendered":"Biltema Karlstad varslar 59 anst\u00e4llda inf\u00f6r jul"},"content":{"rendered":"<p>Publicerad 19 dec 2025 kl 21.40<\/p>\n<p>De stod i kassan, satt i fikarummet eller var hemma n\u00e4r beskedet kom i mobilen.<\/p>\n<p>Alla 59 anst\u00e4llda p\u00e5 Biltema i Karlstad varslas.<\/p>\n<p>\u2013 Jag \u00e4r s\u00e5 f\u00f6rbannad. Det h\u00e4r \u00e4r s\u00e5 ruttet s\u00e5 det finns inte, s\u00e4ger en anst\u00e4lld.<\/p>\n<p><img   alt=\"\"\/> <\/p>\n<p>Foto: Roland Magnusson \/ STELLA PICTURES ALAMY<\/p>\n<p>\u00d6ppna bild i helsk\u00e4rmArtikeln i korthet<\/p>\n<p> Alla anst\u00e4llda p\u00e5 Biltema i Karlstad har varslats om upps\u00e4gning.<\/p>\n<p> Varslet kom pl\u00f6tsligt via mobilmeddelande, utan f\u00f6rvarning.<\/p>\n<p> Facket lade ett skyddsstopp direkt och personalen samlades f\u00f6r st\u00f6d.<\/p>\n<p> M\u00e5nga anst\u00e4llda \u00e4r ledsna och besvikna.<\/p>\n<p> St\u00f6det fr\u00e5n kunderna har varit stort, men kundfl\u00f6det har minskat kraftigt upplever personal.<\/p>\n<p>Visa mer<\/p>\n<p>Varslet slog ner utan f\u00f6rvarning.<\/p>\n<p>\u2013 Man satt d\u00e4r med telefonen i handen och ins\u00e5g att man inte har n\u00e5got jobb kvar.<\/p>\n<p>Den anst\u00e4llda som ber\u00e4ttar vill vara anonym. R\u00e4dslan \u00e4r p\u00e5taglig: om <a href=\"https:\/\/www.expressen.se\/tagg\/organization\/biltema\/\" class=\"\" rel=\"nofollow noopener\" target=\"_blank\">Biltema<\/a> f\u00e5r veta att hen pratar med media kan r\u00e4ttsliga \u00e5tg\u00e4rder v\u00e4nta.<\/p>\n<p>Varslet har motiverats med att Biltema Karlstad ska rivas, n\u00e5got som tidigare rapporterats av <a href=\"https:\/\/www.vf.se\/2025\/12\/16\/alla-kan-sagas-upp-stor-oro-bland-biltemas-personal-helt-oacceptabelt-06b1e\/?fbclid=IwY2xjawOxHdxleHRuA2FlbQIxMQBzcnRjBmFwcF9pZBAyMjIwMzkxNzg4MjAwODkyAAEe3kI7XYrn_0sJNW3GXGM3WTmGtb4pBI3Uc-D9sqymr0AXbeGFAsA2YEHswCw_aem_Lzy8kBIj9yuMgYMvrDylCg\" rel=\"nofollow noopener\" target=\"_blank\">V\u00e4rmlands Folkblad<\/a>. Alla anst\u00e4llda n\u00e5ddes inte samtidigt av beskedet. Vissa fick i st\u00e4llet ringas upp av kolleger.<\/p>\n<p>Kort d\u00e4refter lade fackf\u00f6rbundet Handels ett <a href=\"https:\/\/www.expressen.se\/nyheter\/sverige\/biltema-i-karlstad-sager-upp-all-personal\/\" rel=\"nofollow noopener\" target=\"_blank\">skyddsstopp med omedelbar verkan<\/a>. Fackklubben samlade personalen i ett konferensrum p\u00e5 \u00f6verv\u00e5ningen av varuhuset.<\/p>\n<p>\u2013 Vi satt och gr\u00e4t och var ledsna om vartannat allihopa d\u00e4r uppe och kunde inte f\u00f6rst\u00e5 n\u00e5gonting.<\/p>\n<p>Ingen fr\u00e5n f\u00f6retagsledningen kom dit.<\/p>\n<p>\u2013 F\u00f6retaget lyste med sin fr\u00e5nvaro. Det var fan ingen som kom och pratade med oss.<\/p>\n<p>Fick inte s\u00e4ga sanningen<\/p>\n<p>Efter n\u00e5gra timmar h\u00e4vdes skyddsstoppet. Men situationen var l\u00e5ngt ifr\u00e5n normal.<\/p>\n<p>\u2013 D\u00e5 stod vi ute i butiken. Det var en konstig st\u00e4mning, kunderna b\u00f6rjade ju undra, s\u00e4ger den anst\u00e4llda och beskriver hur personalen fick g\u00e5 upp till konferensrummet i skift f\u00f6r att gr\u00e5ta.<\/p>\n<p>Samtidigt f\u00f6rv\u00e4ntades verksamheten fungera som vanligt ut\u00e5t. Till en b\u00f6rjan fick de anst\u00e4llda inte ber\u00e4tta f\u00f6r kunderna varf\u00f6r restaurangen var st\u00e4ngd eller varf\u00f6r st\u00e4mningen var s\u00e5 l\u00e5g.<\/p>\n<p>Efter fackliga f\u00f6rhandlingar \u00e4ndrades det.<\/p>\n<p>\u2013 Nu f\u00e5r vi ber\u00e4tta att det beror p\u00e5 att vi har blivit varslade. Det var en stor l\u00e4ttnad.<\/p>\n<p>Drabbas h\u00e5rt<\/p>\n<p>St\u00f6det fr\u00e5n kunderna har varit massivt, b\u00e5de i butiken och p\u00e5 sociala medier. Samtidigt m\u00e4rks en tydlig f\u00f6r\u00e4ndring i kundfl\u00f6det.<\/p>\n<p>\u2013 Om du g\u00e5r in p\u00e5 Biltema i Karlstad i dag p\u00e5 f\u00f6rmiddagarna s\u00e5 finns det inte en kotte d\u00e4r. Det \u00e4r i stort sett bara personal.<\/p>\n<p>Tidpunkten f\u00f6r varslet med bara dagar till jul har slagit h\u00e5rt. Flera familjer har drabbats dubbelt, d\u00e5 b\u00e5da parter arbetar p\u00e5 varuhuset.<\/p>\n<p>Hen reagerar ocks\u00e5 starkt p\u00e5 Biltemas marknadsf\u00f6ring.<\/p>\n<p>\u2013 Man g\u00e5r ut med reklam om att det \u00e4r \u201dhela familjens varuhus\u201d. Men inte f\u00f6r oss som jobbar. Jag \u00e4r s\u00e5 j\u00e4vla f\u00f6rbannad, s\u00e4ger den anst\u00e4llda.<\/p>\n<p>Expressen har s\u00f6kt Robert Finnkvist, varuhuschef f\u00f6r Biltema Karlstad, som inte har \u00e5terkommit.<\/p>\n","protected":false},"excerpt":{"rendered":"Publicerad 19 dec 2025 kl 21.40 De stod i kassan, satt i fikarummet eller var hemma n\u00e4r beskedet&hellip;\n","protected":false},"author":2,"featured_media":111650,"comment_status":"","ping_status":"","sticky":false,"template":"","format":"standard","meta":{"footnotes":""},"categories":[65],"tags":[72,70,71,2522,12155,34,154,31,33,32,30,2479],"class_list":{"0":"post-111649","1":"post","2":"type-post","3":"status-publish","4":"format-standard","5":"has-post-thumbnail","7":"category-ekonomi","8":"tag-business","9":"tag-economy","10":"tag-ekonomi","11":"tag-location-karlstad","12":"tag-organization-biltema","13":"tag-se","14":"tag-sections-sverige","15":"tag-svenska","16":"tag-sverige","17":"tag-sweden","18":"tag-swedish","19":"tag-topic-fackforbund"},"share_on_mastodon":{"url":"https:\/\/pubeurope.com\/@se\/115749216753456355","error":""},"_links":{"self":[{"href":"https:\/\/www.europesays.com\/se\/wp-json\/wp\/v2\/posts\/111649","targetHints":{"allow":["GET"]}}],"collection":[{"href":"https:\/\/www.europesays.com\/se\/wp-json\/wp\/v2\/posts"}],"about":[{"href":"https:\/\/www.europesays.com\/se\/wp-json\/wp\/v2\/types\/post"}],"author":[{"embeddable":true,"href":"https:\/\/www.europesays.com\/se\/wp-json\/wp\/v2\/users\/2"}],"replies":[{"embeddable":true,"href":"https:\/\/www.europesays.com\/se\/wp-json\/wp\/v2\/comments?post=111649"}],"version-history":[{"count":0,"href":"https:\/\/www.europesays.com\/se\/wp-json\/wp\/v2\/posts\/111649\/revisions"}],"wp:featuredmedia":[{"embeddable":true,"href":"https:\/\/www.europesays.com\/se\/wp-json\/wp\/v2\/media\/111650"}],"wp:attachment":[{"href":"https:\/\/www.europesays.com\/se\/wp-json\/wp\/v2\/media?parent=111649"}],"wp:term":[{"taxonomy":"category","embeddable":true,"href":"https:\/\/www.europesays.com\/se\/wp-json\/wp\/v2\/categories?post=111649"},{"taxonomy":"post_tag","embeddable":true,"href":"https:\/\/www.europesays.com\/se\/wp-json\/wp\/v2\/tags?post=111649"}],"curies":[{"name":"wp","href":"https:\/\/api.w.org\/{rel}","templated":true}]}}