{"id":111659,"date":"2025-12-20T02:08:17","date_gmt":"2025-12-20T02:08:17","guid":{"rendered":"https:\/\/www.europesays.com\/se\/111659\/"},"modified":"2025-12-20T02:08:17","modified_gmt":"2025-12-20T02:08:17","slug":"nathalie-bjorn-basta-svenska-spelare-far-diamantbollen","status":"publish","type":"post","link":"https:\/\/www.europesays.com\/se\/111659\/","title":{"rendered":"Nathalie Bj\u00f6rn b\u00e4sta svenska spelare \u2013 f\u00e5r Diamantbollen"},"content":{"rendered":"<p>\n                    Nathalie Bj\u00f6rn har b\u00e5de tilldelats Diamantbollen och utsetts till \u00e5rets b\u00e4sta back, och med sitt klubblag Chelsea har hon vunnit ligan, FA-cupen och ligacupen i \u00e5r. Foto: Jonas Ekstr\u00f6mer\/TT\n            <\/p>\n<p class=\"article__sublead\">Mittbacken och landslagsspelaren Nathalie Bj\u00f6rn f\u00e5r Diamantbollen f\u00f6r starka bidrag till \u201dframg\u00e5ngar i b\u00e5de klubb- och landslaget\u201d:<br \/>\u2013 Det h\u00e4r priset betyder s\u00e5 mycket f\u00f6r mig. Som fotbollsspelare men framf\u00f6r allt som individ, s\u00e4ger Nathalie Bj\u00f6rn.<\/p>\n<p class=\"article__paragraph\">Det \u00e4r Svenska fotbollf\u00f6rbundet som tillsammans med Sydsvenska Dagbladet som delar ut Diamantbollen till den b\u00e4sta svenska fotbollsspelaren p\u00e5 damsidan. <strong>Nathalie Bj\u00f6rn<\/strong> f\u00e5r priset med motiveringen att hon h\u00e5ller en konstant h\u00f6g och j\u00e4mn kvalitet och genom sitt spel har \u201dutvecklats till en ledare p\u00e5 planen och en mittback i v\u00e4rldsklass\u201d.<\/p>\n<p class=\"article__paragraph\">Tillsammans med sitt klubblag Chelsea har hon vunnit ligan, FA-cupen och ligacupen och hon har i Sverige ocks\u00e5 utsetts till \u00e5rets b\u00e4sta back, f\u00f6r andra \u00e5ret i rad. I samband med utdelningen av Diamantbollen\u00a0lyfter Bj\u00f6rn vad priset betyder f\u00f6r henne som spelare och som individ.\u00a0<\/p>\n<p class=\"article__paragraph\">\u2013\u00a0Det \u00e4r ett pris m\u00e5nga stora framg\u00e5ngsrika fotbollsspelare vunnit innan mig och att f\u00e5 vara en av dem nu och ta emot det h\u00e4r priset k\u00e4nns helt fantastiskt, <a href=\"https:\/\/svff.svenskfotboll.se\/nyheter\/2025\/12\/diamantbollen-2025\/\" rel=\"nofollow noopener\" target=\"_blank\">s\u00e4ger Nathalie Bj\u00f6rn p\u00e5 svenskfotboll.se<\/a>, och forts\u00e4tter:<\/p>\n<p class=\"article__paragraph\">\u2013 Pappa b\u00f6rjade gr\u00e5ta p\u00e5 Facetime. Det var faktiskt j\u00e4ttefint och han blev s\u00e5 stolt. D\u00e5 tror jag det slog till lite mer, allts\u00e5 k\u00e4nslan av att det h\u00e4r \u00e4r v\u00e4ldigt stort att f\u00e5 det h\u00e4r priset. Sedan ber\u00e4ttade jag f\u00f6r mina n\u00e4rmaste v\u00e4nner och min flickv\u00e4n.<\/p>\n<p>Redo f\u00f6r st\u00f6rre ansvar<\/p>\n<p class=\"article__paragraph\">Hon f\u00f6rklarar att hon nu i samband med att landslaget dels g\u00e5r igenom en generationsv\u00e4xling, dels sedan i somras har en ny ledarstab med f\u00f6rbundskapten Tony Gustavsson, vill ta plats som ledare i laget. Bland annat har den rutinerade f\u00f6rsvarsspelaren <strong>Magdalena Eriksson<\/strong> nyligen meddelat att hon avslutar sin karri\u00e4r i landslaget. Nathalie Bj\u00f6rn ser fram emot att ta ett st\u00f6rre ansvar inf\u00f6r n\u00e4sta \u00e5rs VM-kval.\u00a0<\/p>\n<p class=\"article__paragraph\">\u2013 Nu har man blivit den lite mer erfarna, den som spelat m\u00e5nga landskamper. Jag f\u00f6rs\u00f6ker bara s\u00e5 gott jag kan hj\u00e4lpa de nya in i laget och kommunicera med dem och f\u00e5 dem att k\u00e4nna sig bekv\u00e4ma p\u00e5 fotbollsplan och utanf\u00f6r. Med mitt ledarskap vill jag vara st\u00f6ttande som de erfarna som fanns i landslaget var n\u00e4r jag kom in, och tillsammans ser jag verkligen fram emot att jobba h\u00e5rt f\u00f6r att ta oss till ett nytt m\u00e4sterskap, s\u00e4ger hon.\u00a0<\/p>\n<p class=\"article__paragraph\">\u00c4ven klubbkamraten <strong>Johanna Rytting Kaneryd<\/strong> prisas av Svenska fotbollf\u00f6rbundet, som utser henne till \u00e5rets forward. Motiveringen lyder: \u201dMed st\u00e4ndig vilja och kraft forts\u00e4tter Johanna Rytting Kaneryd att utmana i en-mot-en-spelet, d\u00e4r hon \u00e4ven 2025 h\u00e5ller v\u00e4rldsklass och sl\u00e5r ut sina motst\u00e5ndare. Vinner inhemska trippeln med Chelsea under v\u00e5ren, och har konsekvent st\u00e5tt f\u00f6r betydelsefulla prestationer i den svenska landslagstr\u00f6jan under \u00e5ret. Som enda svensk nominerad till Ballon d\u2019Or p\u00e5 damsidan 2025.\u201d\u00a0<\/p>\n<p class=\"article__paragraph\">\u2013 Jag k\u00e4nner mig otroligt \u00e4rad och stolt \u00f6ver att f\u00e5 ta emot detta pris. Det betyder s\u00e5klart j\u00e4ttemycket att bli utn\u00e4mnd som \u00e5rets forward bland s\u00e5 m\u00e5nga duktiga forwards. Det \u00e4r ett kvitto p\u00e5 att man gjort det bra, s\u00e4ger Johanna Rytting Kaneryd, <a href=\"https:\/\/svff.svenskfotboll.se\/nyheter\/2025\/12\/arets-forwards-2025\/\" rel=\"nofollow noopener\" target=\"_blank\">till Svenskfotboll<\/a>.\u00a0<\/p>\n<p>Zigiotti Olme \u00e5rets mittf\u00e4ltare<\/p>\n<p class=\"article__paragraph\">\u00c5rets mittf\u00e4ltare blev <strong>Julia Zigiotti Olme<\/strong> som spelar i Manchester United och vars insatser under sommarens fotbolls-EM beskrivs som framtr\u00e4dande.\u00a0<\/p>\n<p class=\"article__paragraph\">\u2013 Det betyder s\u00e5klart otroligt mycket att bli utsedd till \u00e5rets mittf\u00e4ltare. Det \u00e4r en stor \u00e4ra och ett kvitto p\u00e5 allt h\u00e5rt jobb man lagt ner, s\u00e4ger Julia Zigiotti Olme.<\/p>\n<p class=\"article__paragraph\">\u00c5rets m\u00e5lvakt \u00e4r <strong>Jennifer Fal<\/strong>k som \u00e4r lagkapten i BK H\u00e4cken d\u00e4r hon var central n\u00e4r laget vann SM-guld under h\u00f6sten. I motiveringen beskrivs Falk som en \u201dledare, som med sitt lugn, timing och stabilitet skapar trygghet i defensiven \u2013 b\u00e5de i landslaget och klubblaget\u201d<\/p>\n<p class=\"article__paragraph\">\u2013 Det \u00e4r en \u00e4ra att bli utsedd till \u00e5rets m\u00e5lvakt. Det finns m\u00e5nga bra m\u00e5lvakter d\u00e4r ute s\u00e5 det betyder mycket, s\u00e4ger Jennifer Falk.<\/p>\n","protected":false},"excerpt":{"rendered":"Nathalie Bj\u00f6rn har b\u00e5de tilldelats Diamantbollen och utsetts till \u00e5rets b\u00e4sta back, och med sitt klubblag Chelsea har&hellip;\n","protected":false},"author":2,"featured_media":111660,"comment_status":"","ping_status":"","sticky":false,"template":"","format":"standard","meta":{"footnotes":""},"categories":[68],"tags":[12309,138,8222,34,111,110,31,33,32,30],"class_list":{"0":"post-111659","1":"post","2":"type-post","3":"status-publish","4":"format-standard","5":"has-post-thumbnail","7":"category-sport","8":"tag-diamantbollen","9":"tag-fotboll","10":"tag-fotbollslandslaget","11":"tag-se","12":"tag-sport","13":"tag-sports","14":"tag-svenska","15":"tag-sverige","16":"tag-sweden","17":"tag-swedish"},"share_on_mastodon":{"url":"https:\/\/pubeurope.com\/@se\/115749460560230312","error":""},"_links":{"self":[{"href":"https:\/\/www.europesays.com\/se\/wp-json\/wp\/v2\/posts\/111659","targetHints":{"allow":["GET"]}}],"collection":[{"href":"https:\/\/www.europesays.com\/se\/wp-json\/wp\/v2\/posts"}],"about":[{"href":"https:\/\/www.europesays.com\/se\/wp-json\/wp\/v2\/types\/post"}],"author":[{"embeddable":true,"href":"https:\/\/www.europesays.com\/se\/wp-json\/wp\/v2\/users\/2"}],"replies":[{"embeddable":true,"href":"https:\/\/www.europesays.com\/se\/wp-json\/wp\/v2\/comments?post=111659"}],"version-history":[{"count":0,"href":"https:\/\/www.europesays.com\/se\/wp-json\/wp\/v2\/posts\/111659\/revisions"}],"wp:featuredmedia":[{"embeddable":true,"href":"https:\/\/www.europesays.com\/se\/wp-json\/wp\/v2\/media\/111660"}],"wp:attachment":[{"href":"https:\/\/www.europesays.com\/se\/wp-json\/wp\/v2\/media?parent=111659"}],"wp:term":[{"taxonomy":"category","embeddable":true,"href":"https:\/\/www.europesays.com\/se\/wp-json\/wp\/v2\/categories?post=111659"},{"taxonomy":"post_tag","embeddable":true,"href":"https:\/\/www.europesays.com\/se\/wp-json\/wp\/v2\/tags?post=111659"}],"curies":[{"name":"wp","href":"https:\/\/api.w.org\/{rel}","templated":true}]}}